{"id":1628,"date":"2024-02-28T14:13:18","date_gmt":"2024-02-28T13:13:18","guid":{"rendered":"https:\/\/www.yoopala.com\/ressources\/?p=1628"},"modified":"2026-02-04T10:10:15","modified_gmt":"2026-02-04T09:10:15","slug":"creche-municipale","status":"publish","type":"post","link":"https:\/\/www.yoopala.com\/ressources\/creche-municipale\/","title":{"rendered":"Qu\u2019est-ce qu\u2019une cr\u00e8che municipale\u00a0?"},"content":{"rendered":"\n<p>La cr\u00e8che municipale, ou cr\u00e8che publique est le choix prioritaire pour beaucoup de parent. Ces \u00e9tablissements sont g\u00e9r\u00e9s par les municipalit\u00e9s. La demande est tr\u00e8s forte, et malheureusement, il n\u2019y a pas assez de place pour toutes les demandes (1 place pour 8 demandes).&nbsp;En fonction de votre lieu d\u2019habitation, vous serez amen\u00e9 \u00e0 vous inscrire d\u00e8s le d\u00e9but de votre grossesse, ou d\u00e8s votre accouchement.<\/p>\n\n\n\n<p>Mais voil\u00e0, qu\u2019est-ce qu\u2019est vraiment une cr\u00e8che&nbsp;? Comment s\u2019occupe-t-on des enfants&nbsp;? Quel est le co\u00fbt. Yoopala vous offre un aper\u00e7u d\u00e9taill\u00e9&nbsp;!<\/p>\n\n\n\n<figure class=\"wp-block-image aligncenter size-full has-custom-border\"><img loading=\"lazy\" decoding=\"async\" width=\"612\" height=\"408\" src=\"https:\/\/www.yoopala.com\/ressources\/app\/uploads\/2024\/03\/istockphoto-480576592-612x612-1.jpg\" alt=\"istockphoto 480576592 612x612 1\" class=\"wp-image-1631\" style=\"border-radius:8px\" srcset=\"https:\/\/www.yoopala.com\/ressources\/app\/uploads\/2024\/03\/istockphoto-480576592-612x612-1.jpg 612w, https:\/\/www.yoopala.com\/ressources\/app\/uploads\/2024\/03\/istockphoto-480576592-612x612-1-300x200.jpg 300w\" sizes=\"auto, (max-width: 612px) 100vw, 612px\" \/><\/figure>\n\n\n<h2 class=\"wp-block-heading bsab4s-toc-content__target\" id=\"les%25c2%25a0conditions-daccueil\">Les\u00a0Conditions d\u2019accueil<\/h2>\n\n\n<p>Les cr\u00e8ches municipales accueillent des enfants de 2 mois et demi \u00e0&nbsp;3 ans. Les \u00e9tablissements accueillent entre 40 et 60 enfants. Les plages horaires sont assez larges, puisque, g\u00e9n\u00e9ralement, elles ouvrent \u00e0 7h30 et ferment leur porte \u00e0 18h30. L\u2019avantage est que sur les p\u00e9riodes de fermetures, l\u2019\u00e9t\u00e9 par exemple, vous pourrez avoir acc\u00e8s \u00e0 une structure de remplacement. C\u2019est la solution id\u00e9ale lorsque les parents ne peuvent pas poser de cong\u00e9s quand ils le souhaitent (et autant qu\u2019ils le souhaitent).<\/p>\n\n\n<h2 class=\"wp-block-heading bsab4s-toc-content__target\" id=\"les-equipes\">Les \u00e9quipes<\/h2>\n\n\n<p>Votre enfant est accueilli en journ\u00e9e compl\u00e8te par une \u00e9quipe de professionnelle dipl\u00f4m\u00e9e (un ou une directeur\/trice de cr\u00e8che, des auxiliaires de pu\u00e9riculture, des \u00e9ducateurs ou l\u2019\u00e9ducatrice de jeunes enfants, des&nbsp;psychomotriciens ou psychomotricienne,..) Les activit\u00e9s des enfants sont alors mises en place en s\u2019appuyant sur un projet p\u00e9dagogique.<\/p>\n\n\n<h2 class=\"wp-block-heading bsab4s-toc-content__target\" id=\"le-cout\">Le Co\u00fbt<\/h2>\n\n\n<p>Le tarif horaire est calcul\u00e9 selon un bar\u00e8me de la CNAF (caisse nationale des allocations familiale). Votre quotient familial est alors calcul\u00e9 pour d\u00e9finir votre taux horaire. Le quotient familial est alors revu chaque ann\u00e9e. Ce dernier se calcule en prenant en compte le nombre d\u2019enfant au sein du foyer, si vous \u00eates en couple ou non, vos revenus, situation de handicap\u2026 Le taux horaire sera alors propre \u00e0 chaque famille. Cela permet une \u00e9quit\u00e9 dans l\u2019accueil pour les enfants, et pour les parents.<\/p>\n\n\n<h2 class=\"wp-block-heading bsab4s-toc-content__target\" id=\"les-participations-des-familles\">Les participations des familles<\/h2>\n\n\n<p>Dans la grande majorit\u00e9 des cr\u00e8ches, les couches et les repas sont fournis. Ces frais sont inclus dans votre taux horaire, et il n\u2019y a donc pas de majoration \u00e0 pr\u00e9voir. Des changes sont \u00e0 pr\u00e9voir en fonction des saisons et de la croissance de votre enfant. Et c\u2019est tout&nbsp;! Un petit sac, le doudou pr\u00e9f\u00e9r\u00e9 et c\u2019est parti pour la journ\u00e9e&nbsp;!<\/p>\n\n\n<h2 class=\"wp-block-heading bsab4s-toc-content__target\" id=\"le-rythme-de-lenfant\">Le rythme de l\u2019enfant<\/h2>\n\n\n<p>Dans le cadre d\u2019un accueil collectif, un r\u00e9f\u00e9rent est assign\u00e9 \u00e0 votre enfant. C\u2019est avec cette personne que vous mettrez en place l\u2019adaptation \u00e0 la cr\u00e8che. Au d\u00e9but vous resterez quelques heures avec votre enfant. La personne r\u00e9f\u00e9rente en profitera alors pour faire le point sur les habitudes de votre enfant. Que ce soit pour les siestes en journ\u00e9e, ou pour les repas. L\u2019id\u00e9e est de faire comme \u00e0 la maison, mais dans un nouvel environnement. Puis, vous serez amen\u00e9 \u00e0 laisser votre enfant seul \u00e0 la cr\u00e8che de mani\u00e8re progressive.<\/p>\n\n\n<h2 class=\"wp-block-heading bsab4s-toc-content__target\" id=\"les-inconvenients\">Les inconv\u00e9nients<\/h2>\n\n\n<p>M\u00eame si les plages horaires sont larges, les parents se doivent de respecter les heures de la structure. Pas \u00e9vident si vous avez des horaires atypiques. Pour les enfants les plus petits, l\u2019environnement peut para\u00eetre bruyant. Il peut \u00eatre difficile de trouver le sommeil \u00e0 l\u2019heure de la sieste avec les pleurs et les cris des petits copains. Et en parlant des petits copains, figurez-vous que les enfants partagent tout \u00e0 la cr\u00e8che, et surtout les microbes&nbsp;! Habituez-vous \u00e0 dormir avec le mouche-b\u00e9b\u00e9 d\u2019octobre \u00e0 mars&nbsp;! On parle \u00e9galement de plus en plus du manque de vocation dans les m\u00e9tiers de la petite enfance. Il y a donc du manque de personnel dans beaucoup de cr\u00e8ches. Le ratio encadrant\/enfant peut \u00eatre \u00e9lev\u00e9, et les horaires d\u2019ouverture peuvent \u00eatre amen\u00e9s \u00e0 diminuer.<\/p>\n\n\n<h2 class=\"wp-block-heading bsab4s-toc-content__target\" id=\"en-conclusion\">En conclusion<\/h2>\n\n\n<p>Si la cr\u00e8che pr\u00e9sente plusieurs bons aspects, il est important de prendre en compte les inconv\u00e9nients avant de choisir le mode de garde de votre enfant. Chaque famille a ses propres attentes, et vous devez tenir compte vos besoins.<\/p>\n\n\n\n<p>Alors quel que soit le mode de garde que vous pourriez choisir, on esp\u00e8re avoir pu vous \u00e9clairer&nbsp;!<\/p>\n","protected":false},"excerpt":{"rendered":"<p>Vous envisagez d&rsquo;inscrire votre enfant en cr\u00e8che municipale ? Yoopala vous offre un aper\u00e7u d\u00e9taill\u00e9 de ce mode de garde. <\/p>\n","protected":false},"author":2,"featured_media":1632,"comment_status":"closed","ping_status":"closed","sticky":false,"template":"","format":"standard","meta":{"_seopress_robots_primary_cat":"none","_seopress_titles_title":"","_seopress_titles_desc":"","_seopress_robots_index":"","footnotes":""},"categories":[106,14],"tags":[],"class_list":{"0":"post-1628","1":"post","2":"type-post","3":"status-publish","4":"format-standard","5":"has-post-thumbnail","7":"category-modes-de-garde","8":"category-familles"},"_links":{"self":[{"href":"https:\/\/www.yoopala.com\/ressources\/wp-json\/wp\/v2\/posts\/1628","targetHints":{"allow":["GET"]}}],"collection":[{"href":"https:\/\/www.yoopala.com\/ressources\/wp-json\/wp\/v2\/posts"}],"about":[{"href":"https:\/\/www.yoopala.com\/ressources\/wp-json\/wp\/v2\/types\/post"}],"author":[{"embeddable":true,"href":"https:\/\/www.yoopala.com\/ressources\/wp-json\/wp\/v2\/users\/2"}],"replies":[{"embeddable":true,"href":"https:\/\/www.yoopala.com\/ressources\/wp-json\/wp\/v2\/comments?post=1628"}],"version-history":[{"count":1,"href":"https:\/\/www.yoopala.com\/ressources\/wp-json\/wp\/v2\/posts\/1628\/revisions"}],"predecessor-version":[{"id":1633,"href":"https:\/\/www.yoopala.com\/ressources\/wp-json\/wp\/v2\/posts\/1628\/revisions\/1633"}],"wp:featuredmedia":[{"embeddable":true,"href":"https:\/\/www.yoopala.com\/ressources\/wp-json\/wp\/v2\/media\/1632"}],"wp:attachment":[{"href":"https:\/\/www.yoopala.com\/ressources\/wp-json\/wp\/v2\/media?parent=1628"}],"wp:term":[{"taxonomy":"category","embeddable":true,"href":"https:\/\/www.yoopala.com\/ressources\/wp-json\/wp\/v2\/categories?post=1628"},{"taxonomy":"post_tag","embeddable":true,"href":"https:\/\/www.yoopala.com\/ressources\/wp-json\/wp\/v2\/tags?post=1628"}],"curies":[{"name":"wp","href":"https:\/\/api.w.org\/{rel}","templated":true}]}}