{"id":1920,"date":"2024-02-15T10:40:37","date_gmt":"2024-02-15T09:40:37","guid":{"rendered":"https:\/\/www.yoopala.com\/ressources\/?p=1920"},"modified":"2026-02-11T16:26:12","modified_gmt":"2026-02-11T15:26:12","slug":"garde-partagee","status":"publish","type":"post","link":"https:\/\/www.yoopala.com\/ressources\/garde-partagee\/","title":{"rendered":"La garde partag\u00e9e entre deux ou plusieurs familles"},"content":{"rendered":"<h2 class=\"wp-block-heading bsab4s-toc-content__target\" id=\"la-garde-denfants-partagee-entre-deux-familles-une-solution-ideale\">La garde d\u2019enfants partag\u00e9e entre deux familles : une solution id\u00e9ale<\/h2>\n\n\n<p>Dans un contexte \u00e9conomique et organisationnel complexe, trouver un mode de garde adapt\u00e9 aux besoins des parents et \u00e9galement des enfants peut vite devenir un v\u00e9ritable challenge. La <strong>garde d\u2019enfants partag\u00e9e entre deux familles<\/strong>, aussi appel\u00e9e garde partag\u00e9e, appara\u00eet comme une solution avantageuse r\u00e9pondant \u00e0 la fois aux besoins des parents et au bien-\u00eatre des enfants.<\/p>\n\n\n\n<figure class=\"wp-block-image size-large has-custom-border\"><img loading=\"lazy\" decoding=\"async\" width=\"1024\" height=\"683\" src=\"https:\/\/www.yoopala.com\/ressources\/app\/uploads\/2024\/02\/baby-sitter-1024x683.jpeg\" alt=\"\" class=\"wp-image-714\" style=\"border-radius:8px\" srcset=\"https:\/\/www.yoopala.com\/ressources\/app\/uploads\/2024\/02\/baby-sitter-1024x683.jpeg 1024w, https:\/\/www.yoopala.com\/ressources\/app\/uploads\/2024\/02\/baby-sitter-300x200.jpeg 300w, https:\/\/www.yoopala.com\/ressources\/app\/uploads\/2024\/02\/baby-sitter-768x512.jpeg 768w, https:\/\/www.yoopala.com\/ressources\/app\/uploads\/2024\/02\/baby-sitter.jpeg 1200w\" sizes=\"auto, (max-width: 1024px) 100vw, 1024px\" \/><\/figure>\n\n\n<h2 class=\"wp-block-heading bsab4s-toc-content__target\" id=\"questce-quune-garde-partagee-fonctionnement-et-informations-cles\">Qu\u2019est-ce qu&rsquo;une garde partag\u00e9e ? Fonctionnement et informations cl\u00e9s<\/h2>\n\n<h3 class=\"wp-block-heading bsab4s-toc-content__target\" id=\"les-grandes-lignes-de-la-garde-partagee\">Les grandes lignes de la garde partag\u00e9e :<\/h3>\n\n\n<p>A ne pas confondre avec la garde altern\u00e9e qui correspond \u00e0 une garde alternative apr\u00e8s un divorce, la garde partag\u00e9e correspond \u00e0 la garde d\u2019enfants de plusieurs familles par une m\u00eame baby-sitter alternativement au domicile de chacune des familles ou au domicile de l\u2019une des deux familles. Ce mode de garde peut s\u2019organiser au domicile de l\u2019une des familles ou alterner entre les deux domiciles selon le planning \u00e9tabli.<\/p>\n\n\n\n<p>La garde partag\u00e9e est une solution souple au niveau organisationnel et avantageuse pour les parents qui partagent conjointement et mensuellement les frais de garde de leurs enfants (certaines conditions, notamment concernant le nombre d\u2019enfants gard\u00e9s, peuvent cependant s\u2019appliquer).<\/p>\n\n\n<h3 class=\"wp-block-heading bsab4s-toc-content__target\" id=\"les-criteres-a-prendre-en-compte-pour-trouver-la-bonne-nounou-pour-votre-garde-partagee\">Les crit\u00e8res \u00e0 prendre en compte pour trouver la bonne nounou pour votre garde partag\u00e9e<\/h3>\n\n\n<p>Pour d\u00e9nicher la nounou parfaite pour votre garde partag\u00e9e, plusieurs crit\u00e8res sont \u00e0 consid\u00e9rer. Il s&rsquo;agit notamment de <strong>l&rsquo;exp\u00e9rience<\/strong> de la personne dans la garde d&rsquo;enfants, de sa <strong>disponibilit\u00e9<\/strong> et de sa <strong>proximit\u00e9 g\u00e9ographique<\/strong>. Les <strong>qualifications<\/strong> de l\u2019auxiliaire parentale, comme un dipl\u00f4me en petite enfance, peuvent \u00eatre un plus.<\/p>\n\n\n\n<ul class=\"wp-block-list\">\n<li><strong>Les comp\u00e9tences et l&rsquo;exp\u00e9rience<\/strong> : une nounou pour une garde partag\u00e9e doit poss\u00e9der des comp\u00e9tences sp\u00e9cifiques pour g\u00e9rer plusieurs enfants de familles diff\u00e9rentes. Son exp\u00e9rience pass\u00e9e en garde partag\u00e9e ou en milieu de garde collectif peut \u00eatre un atout.<\/li>\n\n\n\n<li><strong>La disponibilit\u00e9<\/strong> : la nounou doit \u00eatre en mesure de s&rsquo;adapter aux horaires des deux familles. Elle doit \u00e9galement \u00eatre disponible pendant les vacances scolaires.<\/li>\n\n\n\n<li><strong>La proximit\u00e9 g\u00e9ographique<\/strong> : la nounou doit habiter proche de chez vous ou \u00eatre facilement accessible par les transports en commun.<\/li>\n\n\n\n<li><strong>Les valeurs et principes \u00e9ducatifs<\/strong> : il est essentiel que la nounou partage les m\u00eames valeurs \u00e9ducatives que les deux familles.<\/li>\n<\/ul>\n\n\n\n<p>Il est \u00e9galement important de v\u00e9rifier les <strong>r\u00e9f\u00e9rences<\/strong> de la nounou. N&rsquo;h\u00e9sitez pas \u00e0 contacter ses anciens employeurs pour recueillir des informations sur sa fiabilit\u00e9, son s\u00e9rieux et sa capacit\u00e9 \u00e0 s&rsquo;occuper d&rsquo;enfants.<\/p>\n\n\n\n<figure class=\"wp-block-embed is-type-wp-embed is-provider-yoopala wp-block-embed-yoopala\"><div class=\"wp-block-embed__wrapper\">\n<blockquote class=\"wp-embedded-content\" data-secret=\"GO6IGAHkeF\"><a href=\"https:\/\/www.yoopala.com\/ressources\/creche-paris-quand-proceder-inscritpion\/\">Cr\u00e8che municipale \u00e0 Paris : Comment et quand proc\u00e9der \u00e0 votre inscritpion ?<\/a><\/blockquote><iframe loading=\"lazy\" class=\"wp-embedded-content\" sandbox=\"allow-scripts\" security=\"restricted\" style=\"position: absolute; clip: rect(1px, 1px, 1px, 1px);\" title=\"\u00ab\u00a0Cr\u00e8che municipale \u00e0 Paris : Comment et quand proc\u00e9der \u00e0 votre inscritpion ?\u00a0\u00bb &#8212; Yoopala\" src=\"https:\/\/www.yoopala.com\/ressources\/creche-paris-quand-proceder-inscritpion\/embed\/#?secret=EMpr1corh3#?secret=GO6IGAHkeF\" data-secret=\"GO6IGAHkeF\" width=\"500\" height=\"282\" frameborder=\"0\" marginwidth=\"0\" marginheight=\"0\" scrolling=\"no\"><\/iframe>\n<\/div><\/figure>\n\n\n<h2 class=\"wp-block-heading bsab4s-toc-content__target\" id=\"les-solution-de-garde-denfants-possibles-avec-la-garde-partagee\">Les solution de garde d&rsquo;enfants possibles avec la garde partag\u00e9e<\/h2>\n\n\n<p>Avec la garde partag\u00e9e, plusieurs options de garde sont envisageables. <strong>La nounou \u00e0 domicile<\/strong> est l&rsquo;une des plus courantes. Dans ce cas, l&rsquo;intervenant(e) se rend dans les familles et s&rsquo;occupe des enfants selon un planning pr\u00e9\u00e9tabli. Les t\u00e2ches peuvent inclure le repas, le bain, l&rsquo;aide aux devoirs et diverses activit\u00e9s.<\/p>\n\n\n\n<ul class=\"wp-block-list\">\n<li><strong>La garde \u00e0 temps plein<\/strong> : la nounou s&rsquo;occupe des enfants toute la journ\u00e9e, g\u00e9n\u00e9ralement en semaine. C&rsquo;est une solution id\u00e9ale pour les parents ayant des contraintes professionnelles importantes.<\/li>\n\n\n\n<li><strong>La garde en p\u00e9ri-cr\u00e8che ou p\u00e9ri-assistante maternelle<\/strong> : la nounou vient chercher les enfants \u00e0 la cr\u00e8che ou chez l&rsquo;assistante maternelle et s&rsquo;occupe d&rsquo;eux jusqu&rsquo;au retour des parents.<\/li>\n\n\n\n<li><strong>La garde en sortie d&rsquo;\u00e9cole<\/strong> : la nounou r\u00e9cup\u00e8re les enfants \u00e0 la sortie de l&rsquo;\u00e9cole et s&rsquo;occupe d&rsquo;eux jusqu&rsquo;au retour des parents.<\/li>\n<\/ul>\n\n\n\n<p>Pour une <strong>bonne entente<\/strong> entre les familles et la nounou \u00e0 domicile, il est crucial de discuter en amont des horaires, des jours de repos et des attentes de chacun.<\/p>\n\n\n\n<figure class=\"wp-block-embed is-type-wp-embed is-provider-yoopala wp-block-embed-yoopala\"><div class=\"wp-block-embed__wrapper\">\n<blockquote class=\"wp-embedded-content\" data-secret=\"KgoyWRJrij\"><a href=\"https:\/\/www.yoopala.com\/ressources\/monenfant-site-incontournable\/\">\u201cmonenfant.fr\u201d, le site incontournable pour les (futurs) parents\u00a0<\/a><\/blockquote><iframe loading=\"lazy\" class=\"wp-embedded-content\" sandbox=\"allow-scripts\" security=\"restricted\" style=\"position: absolute; clip: rect(1px, 1px, 1px, 1px);\" title=\"\u00ab\u00a0\u201cmonenfant.fr\u201d, le site incontournable pour les (futurs) parents\u00a0\u00a0\u00bb &#8212; Yoopala\" src=\"https:\/\/www.yoopala.com\/ressources\/monenfant-site-incontournable\/embed\/#?secret=YDt3bu5HbP#?secret=KgoyWRJrij\" data-secret=\"KgoyWRJrij\" width=\"500\" height=\"282\" frameborder=\"0\" marginwidth=\"0\" marginheight=\"0\" scrolling=\"no\"><\/iframe>\n<\/div><\/figure>\n\n\n<h2 class=\"wp-block-heading bsab4s-toc-content__target\" id=\"comment-marchenbspla-garde-partagee-avec-une-agence-contrat-de-travail-salaire-nbsp\">Comment marche la garde partag\u00e9e avec une agence (contrat de travail, salaire&#8230;) ? <\/h2>\n\n\n<p>En cas de garde partag\u00e9e, la baby-sitter effectue les m\u00eames missions que pour une garde simple (soins, hygi\u00e8ne, alimentation, activit\u00e9s d\u2019\u00e9veil, jeux, etc). Elle devra n\u00e9anmoins veiller \u00e0 s\u2019occuper de la m\u00eame fa\u00e7on des enfants des deux familles.<\/p>\n\n\n\n<p>Au niveau administratif, chacune des familles devra \u00e9tablir son propre contrat de travail (et fiches de paie) avec la baby-sitter, stipulant la garde partag\u00e9e avec l\u2019autre famille et les deux lieux de garde alternatifs. Si n\u00e9anmoins, les familles font appel \u00e0 un organisme de services \u00e0 la personne comme Yoopala, sp\u00e9cialiste de la garde d&rsquo;enfants \u00e0 domicile, celui-ci s\u2019occupera de toutes les formalit\u00e9s administratives concernant la baby-sitter. Nous nous chargerons du contrat de travail de votre nounoun. Chaque mois nous pourrons comptabliser les heures effectu\u00e9es en commun par les familles et isoler les heures faites par une famille uniquement (soir\u00e9e, jours de fermeture de l&rsquo;\u00e9cole). Nous g\u00e9rons toute la partie facturation et salariale. Nous transmettons \u00e9galement vos factures \u00e0 la CAF pour que vous puissiez b\u00e9n\u00e9ficier de votre prise en charge dans les meilleurs d\u00e9lais.&nbsp;<\/p>\n\n\n\n<figure class=\"wp-block-embed is-type-wp-embed is-provider-yoopala wp-block-embed-yoopala\"><div class=\"wp-block-embed__wrapper\">\n<blockquote class=\"wp-embedded-content\" data-secret=\"BTzOHYsQIe\"><a href=\"https:\/\/www.yoopala.com\/ressources\/concilier-vie-professionnelle-vie-privee\/\">Concilier vie professionnelle et vie priv\u00e9e : Comment trouver l&rsquo;\u00e9quilibre ?<\/a><\/blockquote><iframe loading=\"lazy\" class=\"wp-embedded-content\" sandbox=\"allow-scripts\" security=\"restricted\" style=\"position: absolute; clip: rect(1px, 1px, 1px, 1px);\" title=\"\u00ab\u00a0Concilier vie professionnelle et vie priv\u00e9e : Comment trouver l&rsquo;\u00e9quilibre ?\u00a0\u00bb &#8212; Yoopala\" src=\"https:\/\/www.yoopala.com\/ressources\/concilier-vie-professionnelle-vie-privee\/embed\/#?secret=oPtP25a2OW#?secret=BTzOHYsQIe\" data-secret=\"BTzOHYsQIe\" width=\"500\" height=\"282\" frameborder=\"0\" marginwidth=\"0\" marginheight=\"0\" scrolling=\"no\"><\/iframe>\n<\/div><\/figure>\n\n\n<h2 class=\"wp-block-heading bsab4s-toc-content__target\" id=\"les-avantages-de-la-garde-partagee-a-domicilenbsp\">Les avantages de la garde partag\u00e9e \u00e0 domicile <\/h2>\n\n\n<p>En partageant les co\u00fbts li\u00e9s \u00e0 la garde de leur(s) enfant(s), les parents r\u00e9alisent des \u00e9conomies non n\u00e9gligeables par rapport \u00e0 un mode de garde individuel, mais l\u00e0 n\u2019est pas le seul avantage pour les familles et les enfants. En effet, la garde d\u2019enfants partag\u00e9e pr\u00e9sente de nombreux attraits :<\/p>\n\n\n\n<ul class=\"wp-block-list\">\n<li>Un co\u00fbt r\u00e9duit de moiti\u00e9 (selon le nombre d\u2019enfants) car la garde est partag\u00e9e entre les deux familles,&nbsp;<\/li>\n\n\n\n<li>La possibilit\u00e9 de b\u00e9n\u00e9ficier d\u2019un cr\u00e9dit d\u2019imp\u00f4ts de 50% et de l\u2019aide CMG vers\u00e9e par la CAF,<\/li>\n\n\n\n<li>La possibilit\u00e9 de solliciter des heures compl\u00e9mentaires en garde simple si besoin,<\/li>\n\n\n\n<li>La flexibilit\u00e9 horaire en comparaison avec les modes de garde collectifs,<\/li>\n\n\n\n<li>La flexibilit\u00e9 du lieu de garde, chez l\u2019une ou l\u2019autre famille,<\/li>\n\n\n\n<li>La sociabilisation et la cr\u00e9ation de liens d\u2019amiti\u00e9 entre les enfants.<\/li>\n<\/ul>\n\n\n<h3 class=\"wp-block-heading bsab4s-toc-content__target\" id=\"garde-simple-ou-partagee-comment-savoir-si-cette-solution-est-faite-pour-moi-nbsp\">Garde simple ou partag\u00e9e ? Comment savoir si cette solution est faite pour moi ? <\/h3>\n\n\n<p>La <strong>garde simple<\/strong> signifie qu&rsquo;une seule nounou est d\u00e9di\u00e9e \u00e0 votre famille. Cette formule est id\u00e9ale pour les parents qui veulent une attention totale sur leur enfant et qui peuvent assumer les frais.<\/p>\n\n\n\n<p>La <strong>garde partag\u00e9e<\/strong> est une solution o\u00f9 une nounou prend soin des enfants de deux familles. C&rsquo;est une option \u00e9conomique car les co\u00fbts sont divis\u00e9s. De plus, elle favorise la socialisation de votre enfant puisqu&rsquo;il aura un ou plusieurs compagnons de jeu.<\/p>\n\n\n\n<p>Pour d\u00e9terminer le choix qui vous convient, posez-vous les bonnes questions :<\/p>\n\n\n\n<ul class=\"wp-block-list\">\n<li>Quelle est ma capacit\u00e9 financi\u00e8re ?<\/li>\n\n\n\n<li>Quel est le niveau de personnalisation et de flexibilit\u00e9 souhait\u00e9 ?<\/li>\n\n\n\n<li>Mon enfant est-il \u00e0 l&rsquo;aise avec d&rsquo;autres enfants ?<\/li>\n<\/ul>\n\n\n\n<p>L\u2019analyse de vos besoins et votre situation familiale vous aideront \u00e0 faire un choix inform\u00e9.<\/p>\n\n\n\n<figure class=\"wp-block-embed is-type-wp-embed is-provider-yoopala wp-block-embed-yoopala\"><div class=\"wp-block-embed__wrapper\">\n<blockquote class=\"wp-embedded-content\" data-secret=\"ikJKpoZD2b\"><a href=\"https:\/\/www.yoopala.com\/ressources\/garde-enfant-periscolaire\/\">La garde d&rsquo;enfants p\u00e9riscolaire (en sortie d\u2019\u00e9cole ou de cr\u00e8che)<\/a><\/blockquote><iframe loading=\"lazy\" class=\"wp-embedded-content\" sandbox=\"allow-scripts\" security=\"restricted\" style=\"position: absolute; clip: rect(1px, 1px, 1px, 1px);\" title=\"\u00ab\u00a0La garde d&rsquo;enfants p\u00e9riscolaire (en sortie d\u2019\u00e9cole ou de cr\u00e8che)\u00a0\u00bb &#8212; Yoopala\" src=\"https:\/\/www.yoopala.com\/ressources\/garde-enfant-periscolaire\/embed\/#?secret=QcmQ9Xl1RX#?secret=ikJKpoZD2b\" data-secret=\"ikJKpoZD2b\" width=\"500\" height=\"282\" frameborder=\"0\" marginwidth=\"0\" marginheight=\"0\" scrolling=\"no\"><\/iframe>\n<\/div><\/figure>\n\n\n<h2 class=\"wp-block-heading bsab4s-toc-content__target\" id=\"comment-trouver-une-cofamille-nbsp\">Comment trouver une co-famille ? <\/h2>\n\n\n<p>Pour trouver la co-famille id\u00e9ale pour partager la garde de votre enfant, plusieurs m\u00e9thodes sont \u00e0 votre disposition.<\/p>\n\n\n\n<p><strong>Le r\u00e9seau personnel<\/strong><\/p>\n\n\n\n<p>Faites appel \u00e0 votre entourage : amis, coll\u00e8gues, voisins peuvent \u00eatre int\u00e9ress\u00e9s par une garde partag\u00e9e ou conna\u00eetre des personnes qui le seraient.<\/p>\n\n\n\n<p><strong>Les annonces locales<\/strong><\/p>\n\n\n\n<p>Ne n\u00e9gligez pas les ressources locales. Distribuez des annonces dans les commerces de proximit\u00e9, \u00e0 l&rsquo;\u00e9cole ou \u00e0 la cr\u00e8che.<\/p>\n\n\n\n<p><strong>Les plateformes en ligne<\/strong><\/p>\n\n\n\n<p>De nombreux sites internet proposent des services de mise en relation de familles pour une garde partag\u00e9e. Cela peut \u00eatre un moyen efficace et rapide de trouver une co-famille.<\/p>\n\n\n\n<p><strong>Les agences de garde d&rsquo;enfants<\/strong><\/p>\n\n\n\n<p>Certaines agences proposent un service de mise en relation de familles pour organiser une garde partag\u00e9e. Cela peut \u00eatre une solution si vous ne trouvez pas par vous-m\u00eame.<\/p>\n\n\n\n<p>Enfin, soyez pr\u00e9cis dans vos crit\u00e8res de recherche : proximit\u00e9 g\u00e9ographique, \u00e2ge des enfants, horaires de garde, valeurs \u00e9ducatives&#8230; Plus vos crit\u00e8res seront pr\u00e9cis, plus vous aurez de chances de trouver une co-famille compatible avec vos besoins.<\/p>\n\n\n\n<figure class=\"wp-block-embed is-type-wp-embed is-provider-yoopala wp-block-embed-yoopala\"><div class=\"wp-block-embed__wrapper\">\n<blockquote class=\"wp-embedded-content\" data-secret=\"IrmwqgfZsq\"><a href=\"https:\/\/www.yoopala.com\/ressources\/cheque-cesu-garde-enfants\/\">L&rsquo;Utilisation des Ch\u00e8ques CESU dans la garde d&rsquo;enfants \u00e0 domicile : Une solution pratique et avantageuse<\/a><\/blockquote><iframe loading=\"lazy\" class=\"wp-embedded-content\" sandbox=\"allow-scripts\" security=\"restricted\" style=\"position: absolute; clip: rect(1px, 1px, 1px, 1px);\" title=\"\u00ab\u00a0L&rsquo;Utilisation des Ch\u00e8ques CESU dans la garde d&rsquo;enfants \u00e0 domicile : Une solution pratique et avantageuse\u00a0\u00bb &#8212; Yoopala\" src=\"https:\/\/www.yoopala.com\/ressources\/cheque-cesu-garde-enfants\/embed\/#?secret=k8KyEJ1n1V#?secret=IrmwqgfZsq\" data-secret=\"IrmwqgfZsq\" width=\"500\" height=\"282\" frameborder=\"0\" marginwidth=\"0\" marginheight=\"0\" scrolling=\"no\"><\/iframe>\n<\/div><\/figure>\n\n\n<h2 class=\"wp-block-heading bsab4s-toc-content__target\" id=\"le-cout-de-la-garde-partagee-et-les-aides-liees-tarif-aides-caf-credit-dimpotnbsp\">Le co\u00fbt de la garde partag\u00e9e, et les aides li\u00e9es (tarif, aides CAF, cr\u00e9dit d&rsquo;imp\u00f4t&#8230;) <\/h2>\n\n\n<p>Le <strong>co\u00fbt de la garde partag\u00e9e<\/strong> d\u00e9pend principalement du salaire horaire de la nounou, du nombre d&rsquo;heures de garde, ainsi que du nombre d&rsquo;enfants \u00e0 charge. En r\u00e8gle g\u00e9n\u00e9rale, les frais sont partag\u00e9s entre les familles, ce qui permet une r\u00e9duction significative des co\u00fbts. C&rsquo;est une solution alernative qui peut s&rsquo;av\u00e9rer tr\u00e8s enrichissante.&nbsp;<\/p>\n\n\n\n<p><strong>Diverses aides financi\u00e8res<\/strong> peuvent \u00eatre sollicit\u00e9es pour all\u00e9ger la charge. L&rsquo;Aide \u00e0 la garde d&rsquo;enfants, le Compl\u00e9ment de libre choix du Mode de Garde (CMG) de la CAF, par exemple, permettent une prise en charge partielle du salaire de la nounou (pouvant couvrir jusqu&rsquo;\u00e0 85% de votre facture dans la limite de votre plafond d&rsquo;aide CMG). De plus, un cr\u00e9dit d&rsquo;imp\u00f4t \u00ab\u00a0garde d&rsquo;enfant\u00a0\u00bb est \u00e9galement accessible, allant jusqu&rsquo;\u00e0 50% des d\u00e9penses engag\u00e9es.&nbsp;<\/p>\n\n\n\n<p>Il est \u00e0 noter que ces aides ne sont pas divis\u00e9es lors d&rsquo;une garde partag\u00e9e. En effet, chaque famille peut en b\u00e9n\u00e9ficier int\u00e9gralement. Ce mode de garde est alors vraiment int\u00e9ressant financi\u00e8rement.&nbsp;<\/p>\n\n\n\n<figure class=\"wp-block-embed is-type-wp-embed is-provider-yoopala wp-block-embed-yoopala\"><div class=\"wp-block-embed__wrapper\">\n<blockquote class=\"wp-embedded-content\" data-secret=\"A1TOEx21zt\"><a href=\"https:\/\/www.yoopala.com\/ressources\/garde-enfants-montessori\/\">Comment enrichir la garde d&rsquo;enfants avec la m\u00e9thode Montessori<\/a><\/blockquote><iframe loading=\"lazy\" class=\"wp-embedded-content\" sandbox=\"allow-scripts\" security=\"restricted\" style=\"position: absolute; clip: rect(1px, 1px, 1px, 1px);\" title=\"\u00ab\u00a0Comment enrichir la garde d&rsquo;enfants avec la m\u00e9thode Montessori\u00a0\u00bb &#8212; Yoopala\" src=\"https:\/\/www.yoopala.com\/ressources\/garde-enfants-montessori\/embed\/#?secret=uB3d944R87#?secret=A1TOEx21zt\" data-secret=\"A1TOEx21zt\" width=\"500\" height=\"282\" frameborder=\"0\" marginwidth=\"0\" marginheight=\"0\" scrolling=\"no\"><\/iframe>\n<\/div><\/figure>\n\n\n<h2 class=\"wp-block-heading bsab4s-toc-content__target\" id=\"information-concernant-la-remuneration-de-lintervenante\">Information concernant la r\u00e9mun\u00e9ration de l\u2019intervenant(e)<\/h2>\n\n\n<p>Concernant la r\u00e9mun\u00e9ration de la nounou, plusieurs solutions sont envisageables entre les familles et la r\u00e9partition et r\u00e8gles vont souvent d\u00e9pendre du nombre d\u2019enfants de chaque famille et du volume horaire de garde des enfants de chaque famille, quelques exemples :<\/p>\n\n\n\n<ul class=\"wp-block-list\">\n<li>Le 50%-50%,<\/li>\n\n\n\n<li>En fonction du nombre d\u2019enfants,<\/li>\n\n\n\n<li>En fonction du nombre d\u2019heures de garde.<\/li>\n<\/ul>\n\n\n\n<div style=\"height:20px\" aria-hidden=\"true\" class=\"wp-block-spacer\"><\/div>\n\n\n\n<div class=\"wp-block-columns is-layout-flex wp-container-core-columns-is-layout-28f84493 wp-block-columns-is-layout-flex\">\n<div class=\"wp-block-column has-accent-lighter-background-color has-background is-layout-flow wp-block-column-is-layout-flow\" style=\"border-radius:16px;padding-top:var(--wp--preset--spacing--3-xl);padding-right:var(--wp--preset--spacing--3-xl);padding-bottom:var(--wp--preset--spacing--3-xl);padding-left:var(--wp--preset--spacing--3-xl)\">\n<figure class=\"wp-block-image aligncenter size-large\"><img decoding=\"async\" src=\"https:\/\/www.yoopala.com\/img\/separator.svg\" alt=\"\"\/><\/figure>\n\n\n<h6 class=\"wp-block-heading has-text-align-center has-accent-dark-color has-text-color has-link-color bsab4s-toc-content__target wp-elements-109ce5d75970af9d8c36594fc91a0d3c\" style=\"margin-top:0\" id=\"prete-a-trouver-votre-nounou\"><strong>Pr\u00eat(e) \u00e0 trouver votre nounou ?<\/strong><\/h6>\n\n\n<p class=\"has-text-align-center has-x-large-font-size\">Lan\u00e7ez-vous !<\/p>\n\n\n\n<p class=\"has-text-align-center\">Faites votre demande en quelques clics et recevez rapidement votre devis personnalis\u00e9.<\/p>\n\n\n\n<div class=\"wp-block-buttons is-content-justification-center is-layout-flex wp-container-core-buttons-is-layout-a89b3969 wp-block-buttons-is-layout-flex\">\n<div class=\"wp-block-button\"><a class=\"wp-block-button__link has-text-align-center wp-element-button\" href=\"https:\/\/www.yoopala.com\/inscription\/compte\">Je fais ma demande<\/a><\/div>\n<\/div>\n<\/div>\n<\/div>\n","protected":false},"excerpt":{"rendered":"<p>D\u00e9couvrez la garde partag\u00e9e : une solution maline pour diviser les co\u00fbts tout en offrant une attention personnalis\u00e9e \u00e0 vos enfants.<\/p>\n","protected":false},"author":2,"featured_media":1923,"comment_status":"closed","ping_status":"closed","sticky":false,"template":"","format":"standard","meta":{"_seopress_robots_primary_cat":"none","_seopress_titles_title":"","_seopress_titles_desc":"","_seopress_robots_index":"","footnotes":""},"categories":[106,14],"tags":[],"class_list":{"0":"post-1920","1":"post","2":"type-post","3":"status-publish","4":"format-standard","5":"has-post-thumbnail","7":"category-modes-de-garde","8":"category-familles"},"_links":{"self":[{"href":"https:\/\/www.yoopala.com\/ressources\/wp-json\/wp\/v2\/posts\/1920","targetHints":{"allow":["GET"]}}],"collection":[{"href":"https:\/\/www.yoopala.com\/ressources\/wp-json\/wp\/v2\/posts"}],"about":[{"href":"https:\/\/www.yoopala.com\/ressources\/wp-json\/wp\/v2\/types\/post"}],"author":[{"embeddable":true,"href":"https:\/\/www.yoopala.com\/ressources\/wp-json\/wp\/v2\/users\/2"}],"replies":[{"embeddable":true,"href":"https:\/\/www.yoopala.com\/ressources\/wp-json\/wp\/v2\/comments?post=1920"}],"version-history":[{"count":17,"href":"https:\/\/www.yoopala.com\/ressources\/wp-json\/wp\/v2\/posts\/1920\/revisions"}],"predecessor-version":[{"id":6173,"href":"https:\/\/www.yoopala.com\/ressources\/wp-json\/wp\/v2\/posts\/1920\/revisions\/6173"}],"wp:featuredmedia":[{"embeddable":true,"href":"https:\/\/www.yoopala.com\/ressources\/wp-json\/wp\/v2\/media\/1923"}],"wp:attachment":[{"href":"https:\/\/www.yoopala.com\/ressources\/wp-json\/wp\/v2\/media?parent=1920"}],"wp:term":[{"taxonomy":"category","embeddable":true,"href":"https:\/\/www.yoopala.com\/ressources\/wp-json\/wp\/v2\/categories?post=1920"},{"taxonomy":"post_tag","embeddable":true,"href":"https:\/\/www.yoopala.com\/ressources\/wp-json\/wp\/v2\/tags?post=1920"}],"curies":[{"name":"wp","href":"https:\/\/api.w.org\/{rel}","templated":true}]}}