{"id":1989,"date":"2024-03-20T13:30:32","date_gmt":"2024-03-20T12:30:32","guid":{"rendered":"https:\/\/www.yoopala.com\/ressources\/?p=1989"},"modified":"2026-02-04T10:10:14","modified_gmt":"2026-02-04T09:10:14","slug":"micro-creche","status":"publish","type":"post","link":"https:\/\/www.yoopala.com\/ressources\/micro-creche\/","title":{"rendered":"Qu\u2019est-ce qu\u2019une micro-cr\u00e8che ?\u00a0\u00a0"},"content":{"rendered":"\n<p>Ce type d\u2019accueil collectif conna\u00eet une forte croissance. Les micro-cr\u00e8ches a vu son nombre de place disponible augment\u00e9 de 14.84% entre 2020 et 2021 (versus +&nbsp;0.60% pour les cr\u00e8ches publiques).<\/p>\n\n\n\n<p>La micro-cr\u00e8che ne veut plus intime, et est con\u00e7ue pour accueillir un petit nombre d\u2019enfants. La micro-cr\u00e8che est un \u00e9tablissement d\u2019accueil collectif pouvant accueillir jusqu\u2019\u00e0 12 enfants de 0 \u00e0 6 ans. Historiquement, ce type de structure \u00e9tait d\u00e9velopp\u00e9 en milieu rurale (nombre de demandes moins importantes), ou pour r\u00e9pondre \u00e0 des besoins avec des horaires d\u00e9cal\u00e9s.<\/p>\n\n\n\n<p>Mais les grandes agglom\u00e9rations connaissent aussi aujourd\u2019hui un essor du nombre de micro-cr\u00e8che.&nbsp;&nbsp;<\/p>\n\n\n\n<figure class=\"wp-block-image size-large has-custom-border\"><img loading=\"lazy\" decoding=\"async\" width=\"1024\" height=\"683\" src=\"https:\/\/www.yoopala.com\/ressources\/app\/uploads\/2024\/03\/istock-1402700291-1024x683.jpg\" alt=\"group of children coloring in art class with the supervision of their teacher\" class=\"wp-image-1992\" style=\"border-radius:8px\" srcset=\"https:\/\/www.yoopala.com\/ressources\/app\/uploads\/2024\/03\/istock-1402700291-1024x683.jpg 1024w, https:\/\/www.yoopala.com\/ressources\/app\/uploads\/2024\/03\/istock-1402700291-300x200.jpg 300w, https:\/\/www.yoopala.com\/ressources\/app\/uploads\/2024\/03\/istock-1402700291-768x512.jpg 768w, https:\/\/www.yoopala.com\/ressources\/app\/uploads\/2024\/03\/istock-1402700291.jpg 1253w\" sizes=\"auto, (max-width: 1024px) 100vw, 1024px\" \/><\/figure>\n\n\n\n<p>&nbsp;Pour vous pr\u00e9senter le fonctionnement des micro-cr\u00e8ches, nous nous appuierons sur le regarde expert d\u2019Aur\u00e9lie, directrice de la micro-cr\u00e8che Perle et Coton \u00e0 Grasse.&nbsp;&nbsp;&nbsp;<\/p>\n\n\n<h2 class=\"wp-block-heading bsab4s-toc-content__target\" id=\"les-conditions-daccueil\">Les conditions d\u2019accueil<\/h2>\n\n\n<p>Pour les micro-cr\u00e8ches g\u00e9r\u00e9es par une personne de droit priv\u00e9, il n\u2019y a pas d\u2019horaire impos\u00e9. Certaines vont se positionner sur des horaires atypiques, alors que la majorit\u00e9 va opter pour des horaires plus classiques. Soit en moyenne 8h-18h30.\u00a0\u00a0<\/p>\n\n\n\n<p>Les locaux sont adapt\u00e9s \u00e0 l\u2019\u00e9veil mais surtout \u00e0 la s\u00e9curit\u00e9 des enfants. Une micro-cr\u00e8che ne pourra ouvrir que si le pr\u00e9sident du Conseil G\u00e9n\u00e9ral du d\u00e9partement, sur avis du m\u00e9decin du service de PMI, le d\u00e9cide.<\/p>\n\n\n\n<p>Pour Aur\u00e9lie&nbsp;: \u201c<em>La micro-cr\u00e8che est \u00e0 mi-chemin entre accueil collectif et individuel\u201d<\/em>.<\/p>\n\n\n<h2 class=\"wp-block-heading bsab4s-toc-content__target\" id=\"lesnbspequipes\">Les Equipes<\/h2>\n\n\n<p>Pour pouvoir ouvrir une micro-cr\u00e8che, l\u2019\u00e9quipe doit \u00eatre constitu\u00e9e de 3 ou 4 personnes (une personne pour 3 enfants). Le ou la directeur\/rice n\u2019a pas de qualification pr\u00e9cise \u00e0 avoir car g\u00e8re la partie administrative. Cependant, il doit y avoir un une ou r\u00e9f\u00e9rent(e) technique, soit Educateur de jeunes enfants ou pu\u00e9riculteur(rice) en justifiant une exp\u00e9rience professionnelle d\u2019au moins 3 ans.<\/p>\n\n\n\n<p>Les autres membres de l\u2019\u00e9quipe peuvent \u00eatre des \u00e9ducateur(rice) s de jeunes enfants, ou encore des auxiliaires de pu\u00e9riculture.<\/p>\n\n\n\n<p>Tous s\u2019organisent autour d\u2019un projet p\u00e9dagogique.&nbsp;&nbsp;<\/p>\n\n\n<h2 class=\"wp-block-heading bsab4s-toc-content__target\" id=\"le-cout\">Le Co\u00fbt<\/h2>\n\n\n<p>La micro-cr\u00e8che fixe son taux horaire, mais il est g\u00e9n\u00e9ralement inf\u00e9rieur \u00e0 10\u20ac\/heure. Les familles ayant recours \u00e0 ce mode de garde peuvent b\u00e9n\u00e9ficier du compl\u00e9ment de mode de garde si l\u2019\u00e9tablissement est r\u00e9f\u00e9renc\u00e9 aupr\u00e8s de la CAF. Ils peuvent \u00e9galement b\u00e9n\u00e9ficier d\u2019un cr\u00e9dit d\u2019imp\u00f4t (garde d\u2019enfant de moins de 6 ans).<\/p>\n\n\n\n<p>Le co\u00fbt est g\u00e9n\u00e9ralement plus \u00e9lev\u00e9 qu\u2019une cr\u00e8che publique.<\/p>\n\n\n<h2 class=\"wp-block-heading bsab4s-toc-content__target\" id=\"les-participations-des-famillesnbspnbsp\">Les Participations des familles  <\/h2>\n\n\n<p>G\u00e9n\u00e9ralement les repas sont pr\u00e9vus. Ils sont pr\u00e9par\u00e9s sur place (r\u00e9glementation pr\u00e9cise et employ\u00e9s qualifi\u00e9s), ou sont fournis par un prestataire. Les couches sont \u00e9galement fournies de mani\u00e8re g\u00e9n\u00e9rale.&nbsp;&nbsp;<\/p>\n\n\n\n<p>Aur\u00e9lie, comme beaucoup de micro-cr\u00e8che nous indique&nbsp;: \u201c<em>Nous avons opt\u00e9 pour une d\u00e9marche \u00e9co responsable. Nous avons opt\u00e9 pour des produits de change, et des couches bios. Nos repas sont \u00e9galement bio, tout comme le lait que nous pouvons fournir<\/em>\u201d.<\/p>\n\n\n\n<p>Donc \u00e0 part le kit de change habituel, et le doudou favoris, vous ne souciez de rien&nbsp;!<\/p>\n\n\n\n<p>&nbsp;&nbsp;<\/p>\n\n\n<h2 class=\"wp-block-heading bsab4s-toc-content__target\" id=\"le-rythme-de-lenfant\">Le Rythme de l\u2019enfant<\/h2>\n\n\n<p>La micro-cr\u00e8che accueille un plus petit nombre d\u2019enfants, de ce fait, le personnel adoptera une attention particuli\u00e8re \u00e0 chaque enfant. Tout en gardant un aspect personnalis\u00e9, les enfants pourront s\u2019habituer \u00e0 la vie en collectivit\u00e9. Sur les temps d\u2019activit\u00e9, mais aussi pendant les repas. Comme pour une cr\u00e8che publique, on vous questionnera sur les habitudes de votre enfant afin de respecter ses habitudes. Comme il y a moins d\u2019enfants, les journ\u00e9es sont \u00e9galement rythm\u00e9es sur un planning pr\u00e9 \u00e9tabli. Le respect de cette routine quotidienne permet \u00e0 l\u2019enfant de se sentir rassur\u00e9.<\/p>\n\n\n\n<p>Chez Perle et Coton, Aur\u00e9lie nous confirme&nbsp;: \u201c<em>Nous respectons le rythme de chaque enfant, en l\u2019accompagnant vers l\u2019autonomie<\/em>\u201d.<\/p>\n\n\n\n<p>&nbsp;&nbsp;<\/p>\n\n\n<h2 class=\"wp-block-heading bsab4s-toc-content__target\" id=\"les-inconvenients\">Les inconv\u00e9nients<\/h2>\n\n\n<p>Comme le nombre de place est limit\u00e9, il peut \u00eatre difficile d\u2019obtenir une place dans une micro-cr\u00e8che souhait\u00e9. Le fait que la CAF vous rembourse jusqu\u2019\u00e0 85% de votre facture globale le mois suivant la facturation peut \u00e9galement repr\u00e9senter un frein car cela oblige \u00e0 une avance de tr\u00e9sorerie cons\u00e9quente.&nbsp;&nbsp;<\/p>\n\n\n\n<p>Aur\u00e9lie nous souligne un autre point important \u201c<em>N\u2019importe qui peut ouvrir une micro-cr\u00e8che, cela devrait \u00eatre r\u00e9serv\u00e9 aux professionnels des m\u00e9tiers de la petite enfance<\/em>\u201d.<\/p>\n\n\n\n<p>Il peut \u00eatre int\u00e9ressant alors de vous renseigner sur le gestionnaire de la micro-cr\u00e8che ou vous souhaitez inscrire votre enfant. Vous pouvez demander le projet p\u00e9dagogique afin de vous assurer que le bien-\u00eatre de l\u2019enfant soit la priorit\u00e9.<\/p>\n\n\n\n<p>En conclusion, les micro-cr\u00e8ches sont des accueils collectifs plus \u00ab&nbsp;cocon&nbsp;\u00bb pour les enfants. Un apprentissage \u00e0 la vie collective qui se fait en douceur, dans un environnement rassurant. Alors quel que soit le mode de garde que vous pourriez choisir, on esp\u00e8re avoir pu vous \u00e9clairer&nbsp;!<\/p>\n","protected":false},"excerpt":{"rendered":"<p>On vous explique le fonctionnement des micro-cr\u00e8ches. Des pr\u00e9cieux conseils si vous cherchez une solution pour votre jeune enfant ! <\/p>\n","protected":false},"author":2,"featured_media":1994,"comment_status":"closed","ping_status":"closed","sticky":false,"template":"","format":"standard","meta":{"_seopress_robots_primary_cat":"none","_seopress_titles_title":"","_seopress_titles_desc":"","_seopress_robots_index":"","footnotes":""},"categories":[106,14],"tags":[],"class_list":{"0":"post-1989","1":"post","2":"type-post","3":"status-publish","4":"format-standard","5":"has-post-thumbnail","7":"category-modes-de-garde","8":"category-familles"},"_links":{"self":[{"href":"https:\/\/www.yoopala.com\/ressources\/wp-json\/wp\/v2\/posts\/1989","targetHints":{"allow":["GET"]}}],"collection":[{"href":"https:\/\/www.yoopala.com\/ressources\/wp-json\/wp\/v2\/posts"}],"about":[{"href":"https:\/\/www.yoopala.com\/ressources\/wp-json\/wp\/v2\/types\/post"}],"author":[{"embeddable":true,"href":"https:\/\/www.yoopala.com\/ressources\/wp-json\/wp\/v2\/users\/2"}],"replies":[{"embeddable":true,"href":"https:\/\/www.yoopala.com\/ressources\/wp-json\/wp\/v2\/comments?post=1989"}],"version-history":[{"count":4,"href":"https:\/\/www.yoopala.com\/ressources\/wp-json\/wp\/v2\/posts\/1989\/revisions"}],"predecessor-version":[{"id":3079,"href":"https:\/\/www.yoopala.com\/ressources\/wp-json\/wp\/v2\/posts\/1989\/revisions\/3079"}],"wp:featuredmedia":[{"embeddable":true,"href":"https:\/\/www.yoopala.com\/ressources\/wp-json\/wp\/v2\/media\/1994"}],"wp:attachment":[{"href":"https:\/\/www.yoopala.com\/ressources\/wp-json\/wp\/v2\/media?parent=1989"}],"wp:term":[{"taxonomy":"category","embeddable":true,"href":"https:\/\/www.yoopala.com\/ressources\/wp-json\/wp\/v2\/categories?post=1989"},{"taxonomy":"post_tag","embeddable":true,"href":"https:\/\/www.yoopala.com\/ressources\/wp-json\/wp\/v2\/tags?post=1989"}],"curies":[{"name":"wp","href":"https:\/\/api.w.org\/{rel}","templated":true}]}}