{"id":2098,"date":"2024-03-26T16:07:51","date_gmt":"2024-03-26T15:07:51","guid":{"rendered":"https:\/\/www.yoopala.com\/ressources\/?p=2098"},"modified":"2026-02-04T10:10:13","modified_gmt":"2026-02-04T09:10:13","slug":"modes-garde-enfants-bebes","status":"publish","type":"post","link":"https:\/\/www.yoopala.com\/ressources\/modes-garde-enfants-bebes\/","title":{"rendered":"Les diff\u00e9rents modes de garde d&rsquo;enfants pour les b\u00e9b\u00e9s"},"content":{"rendered":"\n<p>Lorsque vient le moment crucial de retourner au travail apr\u00e8s une p\u00e9riode de cong\u00e9 parental ou de reprendre ses activit\u00e9s professionnelles ou personnelles, trouver un mode de garde adapt\u00e9 pour son enfant en bas \u00e2ge devient une pr\u00e9occupation majeure pour un grand nombre de parents. Face \u00e0 une multitude d\u2019options disponibles, il est primordial de comprendre en d\u00e9tail les diff\u00e9rents modes de garde pour prendre une d\u00e9cision \u00e9clair\u00e9e qui r\u00e9pond aux besoins du b\u00e9b\u00e9 et du parent. Dans cet article, nous explorerons en profondeur les divers modes de garde d\u2019enfants pour les tout-petits, en mettant en lumi\u00e8re leurs caract\u00e9ristiques, avantages et inconv\u00e9nients.<\/p>\n\n\n<h2 class=\"wp-block-heading bsab4s-toc-content__target\" id=\"quel-mode-de-garde-pour-un-nourrisson\">Quel mode de garde pour un nourrisson ?<\/h2>\n\n\n<p>Chercher le meilleur mode de garde pour un nourrisson peut \u00eatre une t\u00e2che exigeante pour les parents. En effet, ils doivent prendre en compte plusieurs facteurs tels que le co\u00fbt, la proximit\u00e9, la capacit\u00e9 d&rsquo;accueil, le personnel et les normes de fonctionnement de l&rsquo;\u00e9tablissement. Parmi les options disponibles, on retrouve notamment les cr\u00e8ches, les haltes-garderies, les assistantes maternelles, les gardes \u00e0 domicile ou encore les jeunes filles au pair. Chaque mode de garde pr\u00e9sente ses propres avantages et inconv\u00e9nients, et il est essentiel de bien les comprendre pour faire un choix \u00e9clair\u00e9. On vous propose un zoom sur les diff\u00e9rentes solitions :&nbsp;<\/p>\n\n\n<h2 class=\"wp-block-heading bsab4s-toc-content__target\" id=\"1-creches\"><strong>1. Cr\u00e8ches<\/strong><\/h2>\n\n\n<p>Les cr\u00e8ches sont des \u00e9tablissements d\u00e9di\u00e9s sp\u00e9cifiquement \u00e0 l\u2019accueil des enfants en bas \u00e2ge. Votre b\u00e9b\u00e9 peut \u00eatre acceuilli d\u00e8s 2 mois et demi (apr\u00e8s les premi\u00e8res vaccinations) et jusqu&rsquo;\u00e0 l&rsquo;entr\u00e9e en maternelle, soit 3 ans. Les cr\u00e8ches sont dirig\u00e9es par divers types d\u2019organismes, tels que les organismes publics, des associations \u00e0 but non lucratif ou encore des entreprises priv\u00e9es. Les cr\u00e8ches offrent un environnement s\u00e9curis\u00e9 et stimulant, o\u00f9 les enfants peuvent interagir avec d\u2019autres enfants de leur \u00e2ge et b\u00e9n\u00e9ficier d\u2019activit\u00e9s \u00e9ducatives supervis\u00e9es par des professionnels form\u00e9s et exp\u00e9riment\u00e9s dans le domaine de la petite enfance.<\/p>\n\n\n<h3 class=\"wp-block-heading bsab4s-toc-content__target\" id=\"le-cout\"><em>Le co\u00fbt :<\/em><\/h3>\n\n\n<p>Tr\u00e8s g\u00e9n\u00e9ralement conventionn\u00e9es par la CAF, les cr\u00e8ches demandent une participation aux familles qui s\u2019appelle le taux d\u2019effort. Ce taux est calcul\u00e9 par rapport \u00e0 votre quotient familial. Ce taux est calcul\u00e9 en fonction du nombre de personne composant votre foyer, et aussi des revenus.&nbsp;<\/p>\n\n\n<h3 class=\"wp-block-heading bsab4s-toc-content__target\" id=\"les-avantages\"><em>Les avantages :<\/em><\/h3>\n\n\n<ul class=\"wp-block-list\">\n<li>Encadrement professionnel par des \u00e9ducateurs sp\u00e9cialis\u00e9s dans la petite enfance, de quoi vous rassurer pour s&rsquo;occuper de votre b\u00e9b\u00e9.&nbsp;<\/li>\n\n\n\n<li>Structuration des journ\u00e9es avec des activit\u00e9s \u00e9ducatives adapt\u00e9es au d\u00e9veloppement de l\u2019enfant, votre b\u00e9b\u00e9 aura plein de chose \u00e0 vous raconter.&nbsp;<\/li>\n\n\n\n<li>Socialisation pr\u00e9coce avec d\u2019autres enfants, favorisant le d\u00e9veloppement des comp\u00e9tences sociales.<\/li>\n\n\n\n<li>Horaires g\u00e9n\u00e9ralement flexibles pour s\u2019adapter aux besoins des parents et faciliter l&rsquo;organisation de votre vie de famille.&nbsp;<\/li>\n<\/ul>\n\n\n<h3 class=\"wp-block-heading bsab4s-toc-content__target\" id=\"les-inconvenients\"><em>Les inconv\u00e9nients :<\/em><\/h3>\n\n\n<ul class=\"wp-block-list\">\n<li>Places limit\u00e9es et listes d\u2019attente parfois longues, en raison de la forte demande.<\/li>\n\n\n\n<li>Co\u00fbt financier, souvent \u00e9lev\u00e9, qui peut \u00eatre un frein pour certaines familles.<\/li>\n\n\n\n<li>\u00c9loignement g\u00e9ographique par rapport au domicile, qui peut engendrer des contraintes de transport.<\/li>\n<\/ul>\n\n\n\n<figure class=\"wp-block-embed aligncenter is-type-wp-embed is-provider-yoopala wp-block-embed-yoopala\"><div class=\"wp-block-embed__wrapper\">\n<blockquote class=\"wp-embedded-content\" data-secret=\"nONDV71VnZ\"><a href=\"https:\/\/www.yoopala.com\/ressources\/creche-municipale\/\">Qu\u2019est-ce qu\u2019une cr\u00e8che municipale\u00a0?<\/a><\/blockquote><iframe loading=\"lazy\" class=\"wp-embedded-content\" sandbox=\"allow-scripts\" security=\"restricted\" style=\"position: absolute; clip: rect(1px, 1px, 1px, 1px);\" title=\"\u00ab\u00a0Qu\u2019est-ce qu\u2019une cr\u00e8che municipale\u00a0?\u00a0\u00bb &#8212; Yoopala\" src=\"https:\/\/www.yoopala.com\/ressources\/creche-municipale\/embed\/#?secret=zlbzqP5z2j#?secret=nONDV71VnZ\" data-secret=\"nONDV71VnZ\" width=\"500\" height=\"282\" frameborder=\"0\" marginwidth=\"0\" marginheight=\"0\" scrolling=\"no\"><\/iframe>\n<\/div><\/figure>\n\n\n<h2 class=\"wp-block-heading bsab4s-toc-content__target\" id=\"2-microcreches\"><strong>2. Micro-cr\u00e8ches<\/strong><\/h2>\n\n\n<p>Les micro-cr\u00e8ches sont, comme leur nom l\u2019indique, des structures plus petites, accueillant g\u00e9n\u00e9ralement moins de dix enfants. Elles offrent un environnement plus familial et peuvent proposer des horaires flexibles adapt\u00e9s aux besoins des parents. Les micro-cr\u00e8ches sont souvent g\u00e9r\u00e9es par des particuliers ou des associations et peuvent offrir une alternative int\u00e9ressante pour les parents recherchant une garde plus personnalis\u00e9e pour leur enfant.<\/p>\n\n\n<h3 class=\"wp-block-heading bsab4s-toc-content__target\" id=\"le-cout\"><em>Le co\u00fbt :<\/em><\/h3>\n\n\n<p>Le co\u00fbt de la micro-cr\u00e8che se situe entre 6 et 10\u20ac. Une aide le CAF est disponible : <a href=\"https:\/\/www.yoopala.com\/ressources\/complement-mode-de-garde\/\">Le compl\u00e9ment du libre choix du mode de garde.<\/a><\/p>\n\n\n<h3 class=\"wp-block-heading bsab4s-toc-content__target\" id=\"les-avantages\"><em>Les avantages :<\/em><\/h3>\n\n\n<ul class=\"wp-block-list\">\n<li>Taille r\u00e9duite favorisant un encadrement plus individualis\u00e9 et une attention plus personnalis\u00e9e.<\/li>\n\n\n\n<li>Ambiance familiale et chaleureuse, qui peut \u00eatre rassurante pour les enfants et les parents.<\/li>\n\n\n\n<li>Flexibilit\u00e9 des horaires, adapt\u00e9s aux contraintes des parents.<\/li>\n\n\n\n<li>Souvent moins co\u00fbteux que les grandes cr\u00e8ches, ce qui peut \u00eatre un avantage financier.<\/li>\n<\/ul>\n\n\n<h3 class=\"wp-block-heading bsab4s-toc-content__target\" id=\"les-inconvenients\"><em>Les inconv\u00e9nients :<\/em><\/h3>\n\n\n<ul class=\"wp-block-list\">\n<li>Places limit\u00e9es, comme dans les cr\u00e8ches classiques, du fait de la taille r\u00e9duite de la structure.<\/li>\n\n\n\n<li>Variabilit\u00e9 de la qualit\u00e9 et des normes en fonction des \u00e9tablissements, qui peuvent \u00eatre diff\u00e9rents d\u2019une micro-cr\u00e8che \u00e0 l\u2019autre.<\/li>\n<\/ul>\n\n\n\n<figure class=\"wp-block-embed aligncenter is-type-wp-embed is-provider-yoopala wp-block-embed-yoopala\"><div class=\"wp-block-embed__wrapper\">\n<blockquote class=\"wp-embedded-content\" data-secret=\"GTc2FvEsJV\"><a href=\"https:\/\/www.yoopala.com\/ressources\/micro-creche\/\">Qu\u2019est-ce qu\u2019une micro-cr\u00e8che ?\u00a0\u00a0<\/a><\/blockquote><iframe loading=\"lazy\" class=\"wp-embedded-content\" sandbox=\"allow-scripts\" security=\"restricted\" style=\"position: absolute; clip: rect(1px, 1px, 1px, 1px);\" title=\"\u00ab\u00a0Qu\u2019est-ce qu\u2019une micro-cr\u00e8che ?\u00a0\u00a0\u00a0\u00bb &#8212; Yoopala\" src=\"https:\/\/www.yoopala.com\/ressources\/micro-creche\/embed\/#?secret=CgukeurBZW#?secret=GTc2FvEsJV\" data-secret=\"GTc2FvEsJV\" width=\"500\" height=\"282\" frameborder=\"0\" marginwidth=\"0\" marginheight=\"0\" scrolling=\"no\"><\/iframe>\n<\/div><\/figure>\n\n\n<h2 class=\"wp-block-heading bsab4s-toc-content__target\" id=\"3-creches-parentales\"><strong>3. Cr\u00e8ches parentales<\/strong><\/h2>\n\n\n<p>Les cr\u00e8ches parentales sont des structures qui sont g\u00e9r\u00e9es par les parents eux-m\u00eames, qui s\u2019impliquent activement dans le fonctionnement de la cr\u00e8che. Avant de choisir ce mode de garde, pensez \u00e0 vous renseigner sur les status de la cr\u00e8che, et sur l&rsquo;implication qui est demand\u00e9 aux parents. En effet, ils participent \u00e0 l\u2019organisation des plannings, \u00e0 l\u2019entretien des locaux et peuvent m\u00eame \u00eatre impliqu\u00e9s dans l\u2019encadrement des enfants, sous la supervision de professionnels de la petite enfance.<\/p>\n\n\n<h3 class=\"wp-block-heading bsab4s-toc-content__target\" id=\"le-cout\"><em>Le co\u00fbt :<\/em><\/h3>\n\n\n<p>En fonction des statuts de la cr\u00e8che, des subventions allou\u00e9es par la CAF, le co\u00fbt peut varier entre 5\u20ac et 20\u20ac par enfant et par jours. N\u2019h\u00e9sitez pas \u00e0 vous renseigner lorsque vous vous inscrivez dans une cr\u00e8che parentale.<\/p>\n\n\n<h3 class=\"wp-block-heading bsab4s-toc-content__target\" id=\"les-avantages\"><em>Les avantages :<\/em><\/h3>\n\n\n<ul class=\"wp-block-list\">\n<li>Implication directe des parents dans le processus \u00e9ducatif, ce qui peut favoriser une continuit\u00e9 \u00e9ducative entre la maison et la cr\u00e8che.<\/li>\n\n\n\n<li>Cadre de garde plus participatif et solidaire, o\u00f9 chaque parent contribue \u00e0 la vie de la cr\u00e8che.<\/li>\n\n\n\n<li>Atmosph\u00e8re de confiance entre parents et \u00e9ducateurs, favoris\u00e9e par la proximit\u00e9 et la participation des parents.<\/li>\n\n\n\n<li>Co\u00fbts souvent r\u00e9duits gr\u00e2ce \u00e0 l\u2019implication des parents, qui peuvent participer \u00e0 certaines t\u00e2ches.<\/li>\n<\/ul>\n\n\n<h3 class=\"wp-block-heading bsab4s-toc-content__target\" id=\"les-inconvenients\"><em>Les inconv\u00e9nients :<\/em><\/h3>\n\n\n<ul class=\"wp-block-list\">\n<li>Engagement personnel important pour les parents, qui peuvent se retrouver avec une charge de travail suppl\u00e9mentaire.<\/li>\n\n\n\n<li>Disponibilit\u00e9 limit\u00e9e des places, en raison du nombre limit\u00e9 de familles impliqu\u00e9es.<\/li>\n\n\n\n<li>N\u00e9cessit\u00e9 de trouver un \u00e9quilibre entre les responsabilit\u00e9s parentales et professionnelles, ce qui peut \u00eatre un d\u00e9fi pour certains parents.<\/li>\n<\/ul>\n\n\n<h2 class=\"wp-block-heading bsab4s-toc-content__target\" id=\"4-haltesgarderies\"><strong>4. Haltes-garderies<\/strong><\/h2>\n\n\n<p>Les haltes-garderies offrent un accueil ponctuel et flexible pour les enfants de moins de trois ans. Elles permettent aux parents de b\u00e9n\u00e9ficier de quelques heures de garde pour des besoins occasionnels ou impr\u00e9vus. Les haltes-garderies peuvent \u00eatre publiques ou priv\u00e9es et offrent une solution de garde temporaire souvent appr\u00e9ci\u00e9e des parents. Votre enfant peut \u00eatre acceuilli en demi-journ\u00e9e, et le repas est souvent exclus de ce mode de garde. Cependant, si vous avez une activit\u00e9 \u00e0 temps partiel, ce mode de garde peut vous int\u00e9rr\u00e9ss\u00e9.&nbsp;<\/p>\n\n\n<h3 class=\"wp-block-heading bsab4s-toc-content__target\" id=\"le-cout\"><em>Le co\u00fbt :<\/em><\/h3>\n\n\n<p>Comme pour une cr\u00e8che municipale, la halte-garderie b\u00e9n\u00e9ficie d\u2019une tarification li\u00e9e \u00e0 la CAF. Le taux horaire peut alors vari\u00e9 en 0.76\u20ac et 2.29\u20ac en fonction de la composition de votre foyer.<\/p>\n\n\n<h3 class=\"wp-block-heading bsab4s-toc-content__target\" id=\"les-avantages\"><em>Les avantages :<\/em><\/h3>\n\n\n<ul class=\"wp-block-list\">\n<li>Flexibilit\u00e9 des horaires sans engagement \u00e0 long terme, ce qui peut \u00eatre un atout pour les parents ayant des besoins de garde irr\u00e9guliers.<\/li>\n\n\n\n<li>Solution pratique pour des besoins ponctuels, comme des rendez-vous professionnels, des sorties ou des impond\u00e9rables.<\/li>\n\n\n\n<li>Encadrement professionnel, qui assure une prise en charge de qualit\u00e9 pour l\u2019enfant.<\/li>\n<\/ul>\n\n\n<h3 class=\"wp-block-heading bsab4s-toc-content__target\" id=\"inconvenients\"><em>Inconv\u00e9nients :<\/em><\/h3>\n\n\n<ul class=\"wp-block-list\">\n<li>Capacit\u00e9 d\u2019accueil limit\u00e9e, en raison de la nature ponctuelle de la garde.<\/li>\n\n\n\n<li>Pas toujours adapt\u00e9 pour des besoins de garde r\u00e9guliers ou \u00e0 temps plein.<\/li>\n\n\n\n<li>Co\u00fbt parfois \u00e9lev\u00e9 pour des heures de garde courtes, qui peut \u00eatre un frein pour certaines familles.<\/li>\n<\/ul>\n\n\n\n<figure class=\"wp-block-embed aligncenter is-type-wp-embed is-provider-yoopala wp-block-embed-yoopala\"><div class=\"wp-block-embed__wrapper\">\n<blockquote class=\"wp-embedded-content\" data-secret=\"Czzdhr2xWX\"><a href=\"https:\/\/www.yoopala.com\/ressources\/halte-garderie\/\">Qu\u2019est ce qu\u2019une halte-garderie ?<\/a><\/blockquote><iframe loading=\"lazy\" class=\"wp-embedded-content\" sandbox=\"allow-scripts\" security=\"restricted\" style=\"position: absolute; clip: rect(1px, 1px, 1px, 1px);\" title=\"\u00ab\u00a0Qu\u2019est ce qu\u2019une halte-garderie ?\u00a0\u00bb &#8212; Yoopala\" src=\"https:\/\/www.yoopala.com\/ressources\/halte-garderie\/embed\/#?secret=9Eqjz8VEjt#?secret=Czzdhr2xWX\" data-secret=\"Czzdhr2xWX\" width=\"500\" height=\"282\" frameborder=\"0\" marginwidth=\"0\" marginheight=\"0\" scrolling=\"no\"><\/iframe>\n<\/div><\/figure>\n\n\n<h2 class=\"wp-block-heading bsab4s-toc-content__target\" id=\"5-maisons-dassistantes-maternelles-mam\"><strong>5. Maisons d\u2019assistantes maternelles (MAM)<\/strong><\/h2>\n\n\n<p>Les MAM sont des structures qui regroupent plusieurs assistantes maternelles agr\u00e9\u00e9es qui accueillent les enfants \u00e0 leur domicile. Elles offrent un cadre familial et favorisent les interactions sociales entre les enfants de diff\u00e9rents \u00e2ges. Les MAM peuvent offrir une alternative conviviale et s\u00e9curis\u00e9e pour la garde des tout-petits.<\/p>\n\n\n<h3 class=\"wp-block-heading bsab4s-toc-content__target\" id=\"le-cout\"><em>Le co\u00fbt :<\/em><\/h3>\n\n\n<p>Vous devenez employeur d\u2019une des assistantes maternelles pr\u00e9sentes au sein de la MAM. Le taux horaire moyen est de 4\u20ac\/h et pr\u00e9voir des frais d\u2019entretien (jouets, locaux, loyer, chauffage\u2026). Pensez \u00e0 bien vous renseigner au pr\u00e9alable pour connaitre les modalit\u00e9s et le tarif global.&nbsp;<\/p>\n\n\n<h3 class=\"wp-block-heading bsab4s-toc-content__target\" id=\"les-avantages\"><em>Les avantages :<\/em><\/h3>\n\n\n<ul class=\"wp-block-list\">\n<li>Environnement familial et chaleureux, qui peut \u00eatre rassurant pour les enfants et les parents.<\/li>\n\n\n\n<li>Encadrement par des professionnels de la petite enfance, qui garantit une prise en charge de qualit\u00e9.<\/li>\n\n\n\n<li>Flexibilit\u00e9 des horaires dans certains cas, ce qui peut \u00eatre un atout pour les parents ayant des horaires de travail atypiques.<\/li>\n\n\n\n<li>Socialisation avec d\u2019autres enfants dans un cadre plus intimiste et familial.<\/li>\n<\/ul>\n\n\n<h3 class=\"wp-block-heading bsab4s-toc-content__target\" id=\"les-inconvenients\"><em>Les inconv\u00e9nients :<\/em><\/h3>\n\n\n<ul class=\"wp-block-list\">\n<li>Capacit\u00e9 d\u2019accueil limit\u00e9e en fonction du nombre d\u2019assistantes maternelles, qui peut \u00eatre un frein pour les familles en recherche d\u2019une place.<\/li>\n\n\n\n<li>Variabilit\u00e9 des normes et des pratiques d\u2019accueil d\u2019une MAM \u00e0 l\u2019autre, qui n\u00e9cessite de bien se renseigner avant de choisir ce mode de garde.<\/li>\n\n\n\n<li>Vous devenez parent employeur, vous devrez donc g\u00e9rer le contrat de travail, le salaire de la nounou. Vous devrez \u00e9galement vous adaptez \u00e0 ses semaines de vacances.&nbsp;<\/li>\n<\/ul>\n\n\n\n<figure class=\"wp-block-embed is-type-wp-embed is-provider-yoopala wp-block-embed-yoopala\"><div class=\"wp-block-embed__wrapper\">\n<blockquote class=\"wp-embedded-content\" data-secret=\"E76eCFsAob\"><a href=\"https:\/\/www.yoopala.com\/ressources\/assistante-maternelle\/\">Qu\u2019est-ce qu\u2019un ou une assistant(e) maternel(le)\u00a0 ?<\/a><\/blockquote><iframe loading=\"lazy\" class=\"wp-embedded-content\" sandbox=\"allow-scripts\" security=\"restricted\" style=\"position: absolute; clip: rect(1px, 1px, 1px, 1px);\" title=\"\u00ab\u00a0Qu\u2019est-ce qu\u2019un ou une assistant(e) maternel(le)\u00a0 ?\u00a0\u00bb &#8212; Yoopala\" src=\"https:\/\/www.yoopala.com\/ressources\/assistante-maternelle\/embed\/#?secret=Nusava8FfM#?secret=E76eCFsAob\" data-secret=\"E76eCFsAob\" width=\"500\" height=\"282\" frameborder=\"0\" marginwidth=\"0\" marginheight=\"0\" scrolling=\"no\"><\/iframe>\n<\/div><\/figure>\n\n\n<h2 class=\"wp-block-heading bsab4s-toc-content__target\" id=\"6-jardins-denfants\"><strong>6. Jardins d\u2019enfants<\/strong><\/h2>\n\n\n<p>Les jardins d\u2019enfants accueillent les enfants d\u00e8s l\u2019\u00e2ge de deux ans et jusqu\u2019\u00e0 l\u2019entr\u00e9e \u00e0 l\u2019\u00e9cole maternelle. Ils proposent des activit\u00e9s \u00e9ducatives et ludiques qui visent \u00e0 pr\u00e9parer les enfants \u00e0 la scolarit\u00e9 tout en favorisant leur d\u00e9veloppement social et affectif. Les jardins d\u2019enfants offrent une transition en douceur entre la garde \u00e0 domicile et l\u2019\u00e9cole maternelle.<\/p>\n\n\n<h3 class=\"wp-block-heading bsab4s-toc-content__target\" id=\"le-cout\"><em>Le co\u00fbt :<\/em><\/h3>\n\n\n<p>Comme une cr\u00e8che municipale, les jardins d\u2019enfants b\u00e9n\u00e9ficient d\u2019une tarification li\u00e9e \u00e0 la CAF. Le tarif est donc taux horaire qui varie alors en fonction du nombre d\u2019enfants \u00e0 charge et des revenus du foyer.<\/p>\n\n\n<h3 class=\"wp-block-heading bsab4s-toc-content__target\" id=\"les-avantages\"><em>Les avantages :<\/em><\/h3>\n\n\n<ul class=\"wp-block-list\">\n<li>Pr\u00e9paration \u00e0 la scolarit\u00e9 pr\u00e9coce, qui peut \u00eatre un atout pour favoriser l\u2019adaptation de l\u2019enfant \u00e0 l\u2019\u00e9cole.<\/li>\n\n\n\n<li>Environnement \u00e9ducatif et ludique, qui stimule le d\u00e9veloppement global de l\u2019enfant.<\/li>\n\n\n\n<li>Socialisation avec d\u2019autres enfants dans un cadre structur\u00e9, qui favorise le d\u00e9veloppement des comp\u00e9tences sociales.<\/li>\n\n\n\n<li>Encadrement par des professionnels qualifi\u00e9s dans l\u2019\u00e9ducation et la petite enfance.<\/li>\n<\/ul>\n\n\n<h3 class=\"wp-block-heading bsab4s-toc-content__target\" id=\"les-inconvenients\"><em>Les inconv\u00e9nients :<\/em><\/h3>\n\n\n<ul class=\"wp-block-list\">\n<li>Disponibilit\u00e9 limit\u00e9e des places dans certaines r\u00e9gions, ce qui peut \u00eatre un frein pour les familles en recherche d\u2019une place.<\/li>\n\n\n\n<li>Horaires souvent align\u00e9s sur ceux de l\u2019\u00e9cole maternelle, moins adapt\u00e9s aux besoins de travail des parents qui peuvent avoir des horaires atypiques.<\/li>\n\n\n\n<li>Co\u00fbt financier, bien que souvent moins \u00e9lev\u00e9 que celui des cr\u00e8ches priv\u00e9es, qui peut \u00eatre un frein pour certaines familles.<\/li>\n<\/ul>\n\n\n\n<figure class=\"wp-block-embed is-type-wp-embed is-provider-yoopala wp-block-embed-yoopala\"><div class=\"wp-block-embed__wrapper\">\n<blockquote class=\"wp-embedded-content\" data-secret=\"K2PtwINrca\"><a href=\"https:\/\/www.yoopala.com\/ressources\/jardin-enfant-pedagogique\/\">Le jardin d&rsquo;enfant p\u00e9dagogique, pour les enfants \u00e0 partir de 2 ans<\/a><\/blockquote><iframe loading=\"lazy\" class=\"wp-embedded-content\" sandbox=\"allow-scripts\" security=\"restricted\" style=\"position: absolute; clip: rect(1px, 1px, 1px, 1px);\" title=\"\u00ab\u00a0Le jardin d&rsquo;enfant p\u00e9dagogique, pour les enfants \u00e0 partir de 2 ans\u00a0\u00bb &#8212; Yoopala\" src=\"https:\/\/www.yoopala.com\/ressources\/jardin-enfant-pedagogique\/embed\/#?secret=AbdqDpf3UU#?secret=K2PtwINrca\" data-secret=\"K2PtwINrca\" width=\"500\" height=\"282\" frameborder=\"0\" marginwidth=\"0\" marginheight=\"0\" scrolling=\"no\"><\/iframe>\n<\/div><\/figure>\n\n\n<h2 class=\"wp-block-heading bsab4s-toc-content__target\" id=\"quand-chercher-un-mode-de-garde-pour-bebe\">Quand chercher un mode de garde pour b\u00e9b\u00e9 ?<\/h2>\n\n\n<p>La recherche d&rsquo;un mode de garde pour b\u00e9b\u00e9 d\u00e9pend de plusieurs facteurs, notamment de vos besoins personnels, de vos disponibilit\u00e9s, de votre budget et des places disponibles dans les structures de garde de votre choix.<\/p>\n\n\n\n<p><strong>D\u00e8s le d\u00e9but de la grossesse<\/strong>, il peut \u00eatre judicieux de commencer \u00e0 r\u00e9fl\u00e9chir aux diff\u00e9rentes options disponibles. Certaines structures, comme les cr\u00e8ches ou les assistantes maternelles, ont des listes d&rsquo;attente qui peuvent n\u00e9cessiter de s&rsquo;inscrire plusieurs mois \u00e0 l&rsquo;avance pour s\u00e9curiser une place.<\/p>\n\n\n\n<p>Si vous envisagez une garde \u00e0 domicile ou une garde partag\u00e9e, le processus peut prendre un peu plus de temps car il faudra trouver la personne appropri\u00e9e ou une autre famille avec qui partager la garde.<\/p>\n\n\n\n<p>Il est \u00e9galement recommand\u00e9 d&rsquo;anticiper les <strong>d\u00e9marches administratives<\/strong> associ\u00e9es \u00e0 chaque mode de garde. Par exemple, l&#8217;emploi d&rsquo;une assistante maternelle ou d&rsquo;une garde \u00e0 domicile implique la mise en place d&rsquo;un contrat de travail, ce qui peut n\u00e9cessiter un certain temps.<\/p>\n\n\n\n<p>Enfin, n&rsquo;oubliez pas que votre d\u00e9cision n&rsquo;est pas d\u00e9finitive. Les besoins de votre famille et de votre enfant \u00e9volueront avec le temps, il est donc possible que vous deviez r\u00e9\u00e9valuer votre choix de garde au fur et \u00e0 mesure.<\/p>\n\n\n<h2 class=\"wp-block-heading bsab4s-toc-content__target\" id=\"les-aides-financieres-pour-faire-garder-votre-enfant\">Les aides financi\u00e8res pour faire garder votre enfant<\/h2>\n\n\n<p>L&rsquo;aspect financier est un \u00e9l\u00e9ment-cl\u00e9 dans le choix du mode de garde. Heureusement, diverses aides peuvent all\u00e9ger ce co\u00fbt. <strong>L&rsquo;Aide de la CAF pour une assistante maternelle<\/strong> est une option si vous optez pour ce mode de garde. Si vous employez une nounou \u00e0 domicile, le <strong>Ch\u00e8que Emploi Service Universel (Cesu)<\/strong> peut \u00eatre une aide pr\u00e9cieuse.<\/p>\n\n\n\n<p>Certaines entreprises proposent aussi des <strong>aides financi\u00e8res pour la garde d&rsquo;enfant<\/strong>. Vous pouvez \u00e9galement b\u00e9n\u00e9ficier d&rsquo;aides au niveau local.<\/p>\n\n\n\n<p>Parmi les aides nationales, le <strong>Compl\u00e9ment de libre choix du mode de garde (Cmg)<\/strong> m\u00e9rite une attention particuli\u00e8re. Vers\u00e9 par Pajemploi, il permet de prendre en charge une partie des frais de garde. Son montant varie en fonction de vos ressources et peut atteindre jusqu&rsquo;\u00e0 506,01\u20ac par mois. Pour les parents isol\u00e9s, ce montant est major\u00e9 de 30%.<\/p>\n\n\n\n<p>D&rsquo;autres aides comme les <strong>allocations familiales<\/strong> ou le <strong>compl\u00e9ment familial<\/strong> pour les familles ayant plus de deux enfants peuvent \u00e9galement \u00eatre envisag\u00e9es.<\/p>\n\n\n\n<p>Vous pourrez cumuler ces aides avec un cr\u00e9dit d&rsquo;imp\u00f4t.&nbsp;<\/p>\n\n\n\n<figure class=\"wp-block-embed is-type-wp-embed is-provider-yoopala wp-block-embed-yoopala\"><div class=\"wp-block-embed__wrapper\">\n<blockquote class=\"wp-embedded-content\" data-secret=\"BBuLi2nCeE\"><a href=\"https:\/\/www.yoopala.com\/ressources\/credit-impot\/\">Le cr\u00e9dit d&rsquo;imp\u00f4t<\/a><\/blockquote><iframe loading=\"lazy\" class=\"wp-embedded-content\" sandbox=\"allow-scripts\" security=\"restricted\" style=\"position: absolute; clip: rect(1px, 1px, 1px, 1px);\" title=\"\u00ab\u00a0Le cr\u00e9dit d&rsquo;imp\u00f4t\u00a0\u00bb &#8212; Yoopala\" src=\"https:\/\/www.yoopala.com\/ressources\/credit-impot\/embed\/#?secret=VT0UFS7Ntg#?secret=BBuLi2nCeE\" data-secret=\"BBuLi2nCeE\" width=\"500\" height=\"282\" frameborder=\"0\" marginwidth=\"0\" marginheight=\"0\" scrolling=\"no\"><\/iframe>\n<\/div><\/figure>\n\n\n<h2 class=\"wp-block-heading bsab4s-toc-content__target\" id=\"comment-trouver-votre-mode-de-garde-nbsp\">Comment trouver votre mode de garde ? <\/h2>\n\n\n<p>D\u00e9s le d\u00e9but de votre grossesse, n&rsquo;h\u00e9sitez pas \u00e0 contacter le service \u00ab\u00a0famille\u00a0\u00bb de votre mairie, ou vous rapprocher de la PMI de votre secteur. Vous pourrez obtenir de pr\u00e9cieux conseil.&nbsp;<\/p>\n\n\n\n<p>Pour retrouver l&rsquo;ensemble des modes de garde collectifs pour votre b\u00e9b\u00e9, nous vous recommandons de lire notre article :<\/p>\n\n\n\n<figure class=\"wp-block-embed aligncenter is-type-wp-embed is-provider-yoopala wp-block-embed-yoopala\"><div class=\"wp-block-embed__wrapper\">\n<blockquote class=\"wp-embedded-content\" data-secret=\"J9SRKQoVzK\"><a href=\"https:\/\/www.yoopala.com\/ressources\/monenfant-site-incontournable\/\">\u201cmonenfant.fr\u201d, le site incontournable pour les (futurs) parents\u00a0<\/a><\/blockquote><iframe loading=\"lazy\" class=\"wp-embedded-content\" sandbox=\"allow-scripts\" security=\"restricted\" style=\"position: absolute; clip: rect(1px, 1px, 1px, 1px);\" title=\"\u00ab\u00a0\u201cmonenfant.fr\u201d, le site incontournable pour les (futurs) parents\u00a0\u00a0\u00bb &#8212; Yoopala\" src=\"https:\/\/www.yoopala.com\/ressources\/monenfant-site-incontournable\/embed\/#?secret=qQvssKy7Vq#?secret=J9SRKQoVzK\" data-secret=\"J9SRKQoVzK\" width=\"500\" height=\"282\" frameborder=\"0\" marginwidth=\"0\" marginheight=\"0\" scrolling=\"no\"><\/iframe>\n<\/div><\/figure>\n\n\n\n<p>&nbsp;<\/p>\n\n\n\n<p>Ce site de la CAF reprend toutes les modes de gardes proches de votre domicile.&nbsp;<\/p>\n\n\n\n<p>En conclusion, le choix du mode de garde pour son enfant en bas \u00e2ge est une d\u00e9cision importante qui demande une r\u00e9flexion approfondie et qui d\u00e9pend des besoins sp\u00e9cifiques, des pr\u00e9f\u00e9rences et des contraintes de chaque famille. En explorant les diff\u00e9rentes options disponibles, les parents peuvent trouver le mode de garde qui correspond le mieux \u00e0 leurs besoins en termes d\u2019horaires, de proximit\u00e9, de qualit\u00e9 de l\u2019encadrement et de budget. Il est fortement recommand\u00e9 de visiter plusieurs \u00e9tablissements, de poser toutes les questions qui viennent \u00e0 l\u2019esprit et de prendre le temps de peser soigneusement les avantages et les inconv\u00e9nients avant de prendre une d\u00e9cision. Il s\u2019agit d\u2019une \u00e9tape cl\u00e9 dans la vie de l\u2019enfant et de la famille, et il est essentiel de la pr\u00e9parer avec soin pour garantir le bien-\u00eatre de l\u2019enfant et la s\u00e9r\u00e9nit\u00e9 des parents.<\/p>\n\n\n\n<p><a href=\"https:\/\/www.yoopala.com\/ressources\/monenfant-site-incontournable\/\"><\/a><\/p>\n","protected":false},"excerpt":{"rendered":"<p>D\u00e9couvrez un guide d\u00e9taill\u00e9 des options de garde d&rsquo;enfants pour les tout-petits, pour faire un choix \u00e9clair\u00e9<\/p>\n","protected":false},"author":2,"featured_media":1631,"comment_status":"closed","ping_status":"closed","sticky":false,"template":"","format":"standard","meta":{"_seopress_robots_primary_cat":"none","_seopress_titles_title":"","_seopress_titles_desc":"","_seopress_robots_index":"","footnotes":""},"categories":[106,14],"tags":[],"class_list":{"0":"post-2098","1":"post","2":"type-post","3":"status-publish","4":"format-standard","5":"has-post-thumbnail","7":"category-modes-de-garde","8":"category-familles"},"_links":{"self":[{"href":"https:\/\/www.yoopala.com\/ressources\/wp-json\/wp\/v2\/posts\/2098","targetHints":{"allow":["GET"]}}],"collection":[{"href":"https:\/\/www.yoopala.com\/ressources\/wp-json\/wp\/v2\/posts"}],"about":[{"href":"https:\/\/www.yoopala.com\/ressources\/wp-json\/wp\/v2\/types\/post"}],"author":[{"embeddable":true,"href":"https:\/\/www.yoopala.com\/ressources\/wp-json\/wp\/v2\/users\/2"}],"replies":[{"embeddable":true,"href":"https:\/\/www.yoopala.com\/ressources\/wp-json\/wp\/v2\/comments?post=2098"}],"version-history":[{"count":7,"href":"https:\/\/www.yoopala.com\/ressources\/wp-json\/wp\/v2\/posts\/2098\/revisions"}],"predecessor-version":[{"id":3049,"href":"https:\/\/www.yoopala.com\/ressources\/wp-json\/wp\/v2\/posts\/2098\/revisions\/3049"}],"wp:featuredmedia":[{"embeddable":true,"href":"https:\/\/www.yoopala.com\/ressources\/wp-json\/wp\/v2\/media\/1631"}],"wp:attachment":[{"href":"https:\/\/www.yoopala.com\/ressources\/wp-json\/wp\/v2\/media?parent=2098"}],"wp:term":[{"taxonomy":"category","embeddable":true,"href":"https:\/\/www.yoopala.com\/ressources\/wp-json\/wp\/v2\/categories?post=2098"},{"taxonomy":"post_tag","embeddable":true,"href":"https:\/\/www.yoopala.com\/ressources\/wp-json\/wp\/v2\/tags?post=2098"}],"curies":[{"name":"wp","href":"https:\/\/api.w.org\/{rel}","templated":true}]}}