{"id":2223,"date":"2024-04-09T13:58:56","date_gmt":"2024-04-09T11:58:56","guid":{"rendered":"https:\/\/www.yoopala.com\/ressources\/?p=2223"},"modified":"2026-02-04T10:10:02","modified_gmt":"2026-02-04T09:10:02","slug":"jardin-enfant-pedagogique","status":"publish","type":"post","link":"https:\/\/www.yoopala.com\/ressources\/jardin-enfant-pedagogique\/","title":{"rendered":"Le jardin d&rsquo;enfant p\u00e9dagogique, pour les enfants \u00e0 partir de 2 ans"},"content":{"rendered":"\n<p>Comment cultiver le savoir et l&rsquo;\u00e9panouissement des enfants d\u00e8s le plus jeune \u00e2ge. Les jardins d&rsquo;enfants p\u00e9dagogiques sont sans doute la r\u00e9ponse \u00e0 cette question. Ces espaces offrent un environnement stimulant pour les plus petits. Ils peuvent explorer, apprendre et poursuivre leurs d\u00e9veloppements.&nbsp;<\/p>\n\n\n\n<p>Nous allons, dans cet article, faire le point avec vous sur ce que ce sont les jardins d&rsquo;enfants, et sur les difficult\u00e9s qu&rsquo;ils rencontrent aujourd&rsquo;hui.&nbsp;<\/p>\n\n\n\n<figure class=\"wp-block-image size-large has-custom-border\"><img decoding=\"async\" src=\"https:\/\/www.yoopala.com\/ressources\/app\/uploads\/2024\/04\/istock-1217348754-1024x488.jpg\" alt=\"look who's walking!\" class=\"wp-image-2226\" style=\"border-radius:8px;aspect-ratio:3\/2;object-fit:cover\"\/><\/figure>\n\n\n<h2 class=\"wp-block-heading bsab4s-toc-content__target\" id=\"comprendre-le-concept-de-jardin-denfant\">Comprendre le concept de jardin d&rsquo;enfant<\/h2>\n\n\n<p>Les jardins d&rsquo;enfants accueillent les enfants de 2 \u00e0 6 ans environ. L&rsquo;objectif principal est de pr\u00e9parer les enfants \u00e0 l&rsquo;\u00e9cole primaire. Pour cela, les jardins d&rsquo;enfants fournissent un environnement d&rsquo;apprentissage ludique. Le but \u00e9tant de permettre aux enfants de pouvoir mettre l&rsquo;accent sur les d\u00e9veloppements cognitifs, sociales, \u00e9motionnels et physiques.&nbsp;<\/p>\n\n\n\n<figure class=\"wp-block-embed is-type-wp-embed is-provider-yoopala wp-block-embed-yoopala\"><div class=\"wp-block-embed__wrapper\">\n<blockquote class=\"wp-embedded-content\" data-secret=\"AYVj20cIud\"><a href=\"https:\/\/www.yoopala.com\/ressources\/micro-creche\/\">Qu\u2019est-ce qu\u2019une micro-cr\u00e8che ?\u00a0\u00a0<\/a><\/blockquote><iframe loading=\"lazy\" class=\"wp-embedded-content\" sandbox=\"allow-scripts\" security=\"restricted\" style=\"position: absolute; clip: rect(1px, 1px, 1px, 1px);\" title=\"\u00ab\u00a0Qu\u2019est-ce qu\u2019une micro-cr\u00e8che ?\u00a0\u00a0\u00a0\u00bb &#8212; Yoopala\" src=\"https:\/\/www.yoopala.com\/ressources\/micro-creche\/embed\/#?secret=AObeKel9VQ#?secret=AYVj20cIud\" data-secret=\"AYVj20cIud\" width=\"500\" height=\"282\" frameborder=\"0\" marginwidth=\"0\" marginheight=\"0\" scrolling=\"no\"><\/iframe>\n<\/div><\/figure>\n\n\n<h2 class=\"wp-block-heading bsab4s-toc-content__target\" id=\"comment-se-differencietil-de-la-creche\">Comment se diff\u00e9rencie-t-il de la cr\u00e8che ?<\/h2>\n\n\n<p>Les cr\u00e8ches comme les jardins d&rsquo;enfants proposent aux parents un mode de garde pour leurs bambins.&nbsp;<\/p>\n\n\n\n<p>Cependant, la cr\u00e8che accueille les enfants de 2mois et demi \u00e0 3 ans (avant l&rsquo;entr\u00e9e en \u00e9cole maternelle) alors que le jardin d&rsquo;enfant va proposer un accueil pour les enfants de 2 \u00e0 6 ans environ.&nbsp;<\/p>\n\n\n\n<p>L&rsquo;accueil en jardin d&rsquo;enfant est plus structur\u00e9 et l&rsquo;approche \u00e9ducative est plus formelle. Les \u00e9quipes proposeront alors des activit\u00e9s aux enfants pour mettre l&rsquo;accent sur les d\u00e9veloppements afin de favoriser la r\u00e9ussite scolaire future.&nbsp;<\/p>\n\n\n\n<figure class=\"wp-block-embed is-type-wp-embed is-provider-yoopala wp-block-embed-yoopala\"><div class=\"wp-block-embed__wrapper\">\n<blockquote class=\"wp-embedded-content\" data-secret=\"emZWAfnAeV\"><a href=\"https:\/\/www.yoopala.com\/ressources\/creche-municipale\/\">Qu\u2019est-ce qu\u2019une cr\u00e8che municipale\u00a0?<\/a><\/blockquote><iframe loading=\"lazy\" class=\"wp-embedded-content\" sandbox=\"allow-scripts\" security=\"restricted\" style=\"position: absolute; clip: rect(1px, 1px, 1px, 1px);\" title=\"\u00ab\u00a0Qu\u2019est-ce qu\u2019une cr\u00e8che municipale\u00a0?\u00a0\u00bb &#8212; Yoopala\" src=\"https:\/\/www.yoopala.com\/ressources\/creche-municipale\/embed\/#?secret=JBTLxVyIVv#?secret=emZWAfnAeV\" data-secret=\"emZWAfnAeV\" width=\"500\" height=\"282\" frameborder=\"0\" marginwidth=\"0\" marginheight=\"0\" scrolling=\"no\"><\/iframe>\n<\/div><\/figure>\n\n\n<h2 class=\"wp-block-heading bsab4s-toc-content__target\" id=\"les-activites-proposees-pour-leveil-des-enfants\">Les activit\u00e9s propos\u00e9es pour l&rsquo;\u00e9veil des enfants<\/h2>\n\n\n<p>Les jardins d&rsquo;enfants offrent une large gamme d&rsquo;activit\u00e9s qui favorisent les acquis pour les enfants. Cela se traduit par des activit\u00e9s artistiques, musicales, linguistiques&#8230; Les enfants sont alors stimuler pour d\u00e9velopper une curiosit\u00e9 naturelle et favoriser les acquisitions en \u00e9cole primaire.<\/p>\n\n\n\n<p>On peut retrouver par exemple&nbsp;<\/p>\n\n\n\n<ul class=\"wp-block-list\">\n<li>des jeux de construction, pour d\u00e9velopper la coordination main-oeil.<\/li>\n\n\n\n<li>des activit\u00e9s artistiques pour que l&rsquo;enfant puisse exprimer son expression cr\u00e9ative.<\/li>\n\n\n\n<li>des jeux de r\u00f4le, id\u00e9al pour d\u00e9velopper les comp\u00e9tences sociales et linguistiques. La communication est alors encourag\u00e9e.&nbsp;<\/li>\n\n\n\n<li>des activit\u00e9s en plein air, pour d\u00e9velopper la motricit\u00e9.<\/li>\n<\/ul>\n\n\n\n<figure class=\"wp-block-embed is-type-wp-embed is-provider-yoopala wp-block-embed-yoopala\"><div class=\"wp-block-embed__wrapper\">\n<blockquote class=\"wp-embedded-content\" data-secret=\"IEbW5WAt0t\"><a href=\"https:\/\/www.yoopala.com\/ressources\/idees-activites-motricite-fine\/\">Id\u00e9es d\u2019activit\u00e9s pour d\u00e9velopper la motricit\u00e9 fine chez les enfants<\/a><\/blockquote><iframe loading=\"lazy\" class=\"wp-embedded-content\" sandbox=\"allow-scripts\" security=\"restricted\" style=\"position: absolute; clip: rect(1px, 1px, 1px, 1px);\" title=\"\u00ab\u00a0Id\u00e9es d\u2019activit\u00e9s pour d\u00e9velopper la motricit\u00e9 fine chez les enfants\u00a0\u00bb &#8212; Yoopala\" src=\"https:\/\/www.yoopala.com\/ressources\/idees-activites-motricite-fine\/embed\/#?secret=U3pBIfaL85#?secret=IEbW5WAt0t\" data-secret=\"IEbW5WAt0t\" width=\"500\" height=\"282\" frameborder=\"0\" marginwidth=\"0\" marginheight=\"0\" scrolling=\"no\"><\/iframe>\n<\/div><\/figure>\n\n\n<h2 class=\"wp-block-heading bsab4s-toc-content__target\" id=\"qui-travaille-dans-un-jardin-denfants\">Qui travaille dans un jardin d&rsquo;enfants ?<\/h2>\n\n\n<p>Un jardin d&rsquo;enfants est dirig\u00e9 par une \u00e9quipe de professionnels d\u00e9di\u00e9s \u00e0 l&rsquo;\u00e9ducation et au bien-\u00eatre des enfants. Le personnel peut comprendre <strong>un directeur<\/strong>, g\u00e9n\u00e9ralement un \u00e9ducateur de jeunes enfants ou une personne ayant une formation en pu\u00e9riculture et une exp\u00e9rience significative dans le domaine. Son r\u00f4le est de superviser les op\u00e9rations quotidiennes, de g\u00e9rer les inscriptions et l&rsquo;administration financi\u00e8re.<\/p>\n\n\n\n<p>Les <strong>\u00e9ducateurs de jeunes enfants<\/strong>, \u00e9galement pr\u00e9sents, sont form\u00e9s pour accompagner le d\u00e9veloppement des enfants et mettre en \u0153uvre des activit\u00e9s p\u00e9dagogiques adapt\u00e9es.<\/p>\n\n\n\n<p>En outre, les <strong>auxiliaires de pu\u00e9riculture de jardin d&rsquo;enfants<\/strong> assistent ces derniers dans la surveillance et l&rsquo;encadrement des enfants. Ils veillent \u00e0 leur s\u00e9curit\u00e9, leur bien-\u00eatre et leur d\u00e9veloppement.<\/p>\n\n\n\n<p>Enfin, le jardin d&rsquo;enfants peut \u00e9galement faire appel \u00e0 des <strong>professionnels sp\u00e9cialis\u00e9s<\/strong> comme des psychologues ou des intervenants artistiques pour enrichir le programme \u00e9ducatif.<\/p>\n\n\n<h2 class=\"wp-block-heading bsab4s-toc-content__target\" id=\"le-role-pedagogique-du-personnel-de-garde\">Le r\u00f4le p\u00e9dagogique du personnel de garde<\/h2>\n\n\n<p>Le personnel des jardins d&rsquo;enfants a un r\u00f4le primordial pour le d\u00e9veloppement des enfants. Leur responsabilit\u00e9 r\u00e9side dans la cr\u00e9ation d&rsquo;un environnement s\u00fbr, propice \u00e0 l&rsquo;apprentissage, qui soit \u00e9galement stimulant. Les enfants doivent pouvoir apprendre et explorer \u00e0 leur propre rythme.&nbsp;<\/p>\n\n\n\n<p>Les \u00e9quipes peuvent alors mettre en place des activit\u00e9s \u00e9ducatives adapt\u00e9es aux acquisitions tout en tenant compte des besoins de chacun et des capacit\u00e9s individuels. Le personnel encourage \u00e9galement le jeu libre.&nbsp;<\/p>\n\n\n<h2 class=\"wp-block-heading bsab4s-toc-content__target\" id=\"missions-et-objectifs-dun-jardin-denfant-prive\">Missions et objectifs d&rsquo;un jardin d&rsquo;enfant priv\u00e9<\/h2>\n\n\n<p>Les jardins d&rsquo;enfants ont plusieurs missions et objectifs. L&rsquo;objectif num\u00e9ro 1 est d&rsquo;offrir aux enfants une base solide pour l&rsquo;entr\u00e9e au CP. Pour cela, l&rsquo;enfant aura de suivre un d\u00e9veloppement \u00e9motionnel, social et physique.&nbsp;<\/p>\n\n\n\n<p>Pour les jardins d&rsquo;enfants, les missions seront :&nbsp;<\/p>\n\n\n\n<ul class=\"wp-block-list\">\n<li>De tout d&rsquo;abord favoriser le d\u00e9veloppement des comp\u00e9tences linguistiques et cognitives.<\/li>\n\n\n\n<li>D&rsquo;encourager le d\u00e9veloppement des comp\u00e9tences sociales. Communiquer, collaborer, et respecter les autres.&nbsp;<\/li>\n\n\n\n<li>Promouvoir un environnement sain (alimentation et activit\u00e9s physiques).<\/li>\n\n\n\n<li>Et enfin, mettre en avant un environnement inclusif, pour que les enfants puissent se sentir valoris\u00e9s, respect\u00e9s et \u00e9cout\u00e9s.<\/li>\n<\/ul>\n\n\n<h2 class=\"wp-block-heading bsab4s-toc-content__target\" id=\"limportance-du-jeu-dans-le-developpement-de-lenfant\">L&rsquo;importance du jeu dans le d\u00e9veloppement de l&rsquo;enfant<\/h2>\n\n\n<p>Le jeu occupe une place centrale dans le d\u00e9veloppement des enfants. C&rsquo;est par le jeu que les enfants explorent leur monde, d\u00e9veloppent leur imagination, renforcent leurs comp\u00e9tences sociales et \u00e9motionnelles, et acqui\u00e8rent des connaissances et des comp\u00e9tences essentielles pour leur d\u00e9veloppement futur. Dans les jardins d&rsquo;enfants, le jeu est encourag\u00e9 et int\u00e9gr\u00e9 dans le programme \u00e9ducatif de mani\u00e8re \u00e0 favoriser le d\u00e9veloppement global de l&rsquo;enfant.<\/p>\n\n\n\n<figure class=\"wp-block-embed is-type-wp-embed is-provider-yoopala wp-block-embed-yoopala\"><div class=\"wp-block-embed__wrapper\">\n<blockquote class=\"wp-embedded-content\" data-secret=\"bdtgzffRo4\"><a href=\"https:\/\/www.yoopala.com\/ressources\/jeux-imitation-enfants\/\">Les jeux d\u2019imitation chez les enfants<\/a><\/blockquote><iframe loading=\"lazy\" class=\"wp-embedded-content\" sandbox=\"allow-scripts\" security=\"restricted\" style=\"position: absolute; clip: rect(1px, 1px, 1px, 1px);\" title=\"\u00ab\u00a0Les jeux d\u2019imitation chez les enfants\u00a0\u00bb &#8212; Yoopala\" src=\"https:\/\/www.yoopala.com\/ressources\/jeux-imitation-enfants\/embed\/#?secret=Qeys2TMTTF#?secret=bdtgzffRo4\" data-secret=\"bdtgzffRo4\" width=\"500\" height=\"282\" frameborder=\"0\" marginwidth=\"0\" marginheight=\"0\" scrolling=\"no\"><\/iframe>\n<\/div><\/figure>\n\n\n<h2 class=\"wp-block-heading bsab4s-toc-content__target\" id=\"accueil-des-enfants-a-partir-de-2-ans-pourquoi\">Accueil des enfants \u00e0 partir de 2 ans : pourquoi ?<\/h2>\n\n\n<p>L&rsquo;accueil des enfants \u00e0 partir de 2 ans dans les jardins d&rsquo;enfants p\u00e9dagogiques repose sur plusieurs principes fondamentaux li\u00e9s au d\u00e9veloppement de l&rsquo;enfant et aux objectifs \u00e9ducatifs. \u00c0 cet \u00e2ge, les enfants entrent dans une phase cruciale de leur d\u00e9veloppement o\u00f9 leurs capacit\u00e9s cognitives, sociales et \u00e9motionnelles se d\u00e9veloppent rapidement. En les accueillant d\u00e8s l&rsquo;\u00e2ge de 2 ans, les jardins d&rsquo;enfants peuvent intervenir \u00e0 un stade crucial de leur d\u00e9veloppement, offrant un environnement structur\u00e9 et stimulant pour favoriser leur croissance. De plus, cette tranche d&rsquo;\u00e2ge correspond g\u00e9n\u00e9ralement au d\u00e9but de l&rsquo;apprentissage formel, o\u00f9 les enfants commencent \u00e0 acqu\u00e9rir des comp\u00e9tences pr\u00e9paratoires \u00e0 l&rsquo;\u00e9cole primaire, telles que la reconnaissance des lettres, des chiffres, et le d\u00e9veloppement du langage. En fournissant un cadre \u00e9ducatif d\u00e8s cet \u00e2ge, les jardins d&rsquo;enfants peuvent contribuer \u00e0 renforcer les bases de l&rsquo;apprentissage chez les enfants et \u00e0 faciliter leur transition vers l&rsquo;\u00e9cole primaire. En outre, accueillir les enfants \u00e0 partir de 2 ans permet \u00e9galement de favoriser l&rsquo;inclusion sociale en offrant \u00e0 tous les enfants, quelle que soit leur origine socio-\u00e9conomique, un acc\u00e8s \u00e9gal \u00e0 des opportunit\u00e9s \u00e9ducatives de qualit\u00e9 d\u00e8s leur plus jeune \u00e2ge. Ainsi, l&rsquo;accueil des enfants \u00e0 partir de 2 ans dans les jardins d&rsquo;enfants p\u00e9dagogiques s&rsquo;inscrit dans une d\u00e9marche proactive visant \u00e0 soutenir le d\u00e9veloppement optimal des enfants et \u00e0 promouvoir l&rsquo;\u00e9galit\u00e9 des chances en mati\u00e8re d&rsquo;\u00e9ducation.<\/p>\n\n\n<h2 class=\"wp-block-heading bsab4s-toc-content__target\" id=\"lavenir-des-jardins-denfants-en-2024\">L&rsquo;avenir des jardins d&rsquo;enfants en 2024<\/h2>\n\n\n<p>Suite \u00e0 une d\u00e9cision r\u00e9cente du Parlement, les jardins d&rsquo;enfants, qui accueillent des enfants de moins de 6 ans, ont vu leur existence p\u00e9rennis\u00e9e. Cette d\u00e9cision l\u00e9gislative a ainsi permis de sauver ces structures, qui auraient pu dispara\u00eetre \u00e0 la rentr\u00e9e 2024.<\/p>\n\n\n\n<p>C\u00f4t\u00e9 tendances, les jardins d&rsquo;enfants en 2024 s&rsquo;orientent vers une conscience toujours plus \u00e9cologique. Les espaces verts sont pens\u00e9s de mani\u00e8re \u00e0 \u00eatre \u00e9conomes en eau et \u00e0 favoriser une nature plus libre et sauvage.<\/p>\n\n\n\n<p>Avec une augmentation des temp\u00e9ratures, l&rsquo;am\u00e9nagement d&rsquo;espaces ombrag\u00e9s pour rafra\u00eechir les enfants en \u00e9t\u00e9 devient \u00e9galement une priorit\u00e9. Enfin, le jardin d&rsquo;enfants de 2024 se veut \u00e9galement plus inclusif, avec une diversit\u00e9 accrue des activit\u00e9s propos\u00e9es pour r\u00e9pondre aux besoins et aux int\u00e9r\u00eats de tous les enfants.<\/p>\n\n\n<h2 class=\"wp-block-heading bsab4s-toc-content__target\" id=\"comment-inscrire-son-enfant-en-jardin-denfants-et-quel-le-cout-nbsp\">Comment inscrire son enfant en jardin d&rsquo;enfants et quel le co\u00fbt ? <\/h2>\n\n\n<p>L&rsquo;inscription en jardin d&rsquo;enfant n\u00e9cessite certaines d\u00e9marches administratives. Il est conseill\u00e9 de contacter directement l&rsquo;\u00e9tablissement choisi pour conna\u00eetre les modalit\u00e9s pr\u00e9cises d&rsquo;inscription. G\u00e9n\u00e9ralement, les documents \u00e0 fournir incluent l&rsquo;acte de naissance de l&rsquo;enfant, un justificatif de domicile, le carnet de sant\u00e9 de l&rsquo;enfant \u00e0 jour de ses vaccinations et parfois un justificatif des revenus des parents.<\/p>\n\n\n\n<p>Quant au co\u00fbt, il varie en fonction de plusieurs crit\u00e8res. Dans la majorit\u00e9 des jardins d&rsquo;enfants municipaux, le tarif est calcul\u00e9 selon le quotient familial et les revenus des parents. Pour les jardins d&rsquo;enfants priv\u00e9s qui ne b\u00e9n\u00e9ficient pas de subvention, les tarifs peuvent \u00eatre plus \u00e9lev\u00e9s. Vous pouvez utiliser le simulateur de co\u00fbt de la CAF sur le site mon-enfant.fr pour avoir une estimation du co\u00fbt de la place.<\/p>\n\n\n\n<figure class=\"wp-block-embed is-type-wp-embed is-provider-yoopala wp-block-embed-yoopala\"><div class=\"wp-block-embed__wrapper\">\n<blockquote class=\"wp-embedded-content\" data-secret=\"8Pel5P5ZJy\"><a href=\"https:\/\/www.yoopala.com\/ressources\/monenfant-site-incontournable\/\">\u201cmonenfant.fr\u201d, le site incontournable pour les (futurs) parents\u00a0<\/a><\/blockquote><iframe loading=\"lazy\" class=\"wp-embedded-content\" sandbox=\"allow-scripts\" security=\"restricted\" style=\"position: absolute; clip: rect(1px, 1px, 1px, 1px);\" title=\"\u00ab\u00a0\u201cmonenfant.fr\u201d, le site incontournable pour les (futurs) parents\u00a0\u00a0\u00bb &#8212; Yoopala\" src=\"https:\/\/www.yoopala.com\/ressources\/monenfant-site-incontournable\/embed\/#?secret=6Mq3lpNjKo#?secret=8Pel5P5ZJy\" data-secret=\"8Pel5P5ZJy\" width=\"500\" height=\"282\" frameborder=\"0\" marginwidth=\"0\" marginheight=\"0\" scrolling=\"no\"><\/iframe>\n<\/div><\/figure>\n\n\n\n<p>En conclusion, les jardins d&rsquo;enfants p\u00e9dagogiques jouent un r\u00f4le essentiel dans le d\u00e9veloppement des enfants en bas \u00e2ge. En offrant un environnement d&rsquo;apprentissage stimulant et enrichissant, en mettant l&rsquo;accent sur le jeu et le d\u00e9veloppement holistique, ces institutions contribuent \u00e0 pr\u00e9parer les jeunes enfants \u00e0 r\u00e9ussir \u00e0 l&rsquo;\u00e9cole et \u00e0 s&rsquo;\u00e9panouir pleinement dans leur vie future.<\/p>\n\n\n\n<figure class=\"wp-block-embed is-type-wp-embed is-provider-yoopala wp-block-embed-yoopala\"><div class=\"wp-block-embed__wrapper\">\n<blockquote class=\"wp-embedded-content\" data-secret=\"hFxlDTrLb7\"><a href=\"https:\/\/www.yoopala.com\/ressources\/modes-garde-enfants-bebes\/\">Les diff\u00e9rents modes de garde d&rsquo;enfants pour les b\u00e9b\u00e9s<\/a><\/blockquote><iframe loading=\"lazy\" class=\"wp-embedded-content\" sandbox=\"allow-scripts\" security=\"restricted\" style=\"position: absolute; clip: rect(1px, 1px, 1px, 1px);\" title=\"\u00ab\u00a0Les diff\u00e9rents modes de garde d&rsquo;enfants pour les b\u00e9b\u00e9s\u00a0\u00bb &#8212; Yoopala\" src=\"https:\/\/www.yoopala.com\/ressources\/modes-garde-enfants-bebes\/embed\/#?secret=GZTPKR9SbR#?secret=hFxlDTrLb7\" data-secret=\"hFxlDTrLb7\" width=\"500\" height=\"282\" frameborder=\"0\" marginwidth=\"0\" marginheight=\"0\" scrolling=\"no\"><\/iframe>\n<\/div><\/figure>\n","protected":false},"excerpt":{"rendered":"<p>Connaissez vous les jardins d&rsquo;enfants p\u00e9dagogique? Une des solutions de garde d&rsquo;enfants \u00e0 partir de 2 ans. <\/p>\n","protected":false},"author":2,"featured_media":2226,"comment_status":"closed","ping_status":"closed","sticky":false,"template":"","format":"standard","meta":{"_seopress_robots_primary_cat":"none","_seopress_titles_title":"","_seopress_titles_desc":"","_seopress_robots_index":"","footnotes":""},"categories":[105,14],"tags":[],"class_list":{"0":"post-2223","1":"post","2":"type-post","3":"status-publish","4":"format-standard","5":"has-post-thumbnail","7":"category-parentalite","8":"category-familles"},"_links":{"self":[{"href":"https:\/\/www.yoopala.com\/ressources\/wp-json\/wp\/v2\/posts\/2223","targetHints":{"allow":["GET"]}}],"collection":[{"href":"https:\/\/www.yoopala.com\/ressources\/wp-json\/wp\/v2\/posts"}],"about":[{"href":"https:\/\/www.yoopala.com\/ressources\/wp-json\/wp\/v2\/types\/post"}],"author":[{"embeddable":true,"href":"https:\/\/www.yoopala.com\/ressources\/wp-json\/wp\/v2\/users\/2"}],"replies":[{"embeddable":true,"href":"https:\/\/www.yoopala.com\/ressources\/wp-json\/wp\/v2\/comments?post=2223"}],"version-history":[{"count":3,"href":"https:\/\/www.yoopala.com\/ressources\/wp-json\/wp\/v2\/posts\/2223\/revisions"}],"predecessor-version":[{"id":2230,"href":"https:\/\/www.yoopala.com\/ressources\/wp-json\/wp\/v2\/posts\/2223\/revisions\/2230"}],"wp:featuredmedia":[{"embeddable":true,"href":"https:\/\/www.yoopala.com\/ressources\/wp-json\/wp\/v2\/media\/2226"}],"wp:attachment":[{"href":"https:\/\/www.yoopala.com\/ressources\/wp-json\/wp\/v2\/media?parent=2223"}],"wp:term":[{"taxonomy":"category","embeddable":true,"href":"https:\/\/www.yoopala.com\/ressources\/wp-json\/wp\/v2\/categories?post=2223"},{"taxonomy":"post_tag","embeddable":true,"href":"https:\/\/www.yoopala.com\/ressources\/wp-json\/wp\/v2\/tags?post=2223"}],"curies":[{"name":"wp","href":"https:\/\/api.w.org\/{rel}","templated":true}]}}