{"id":4466,"date":"2024-12-06T15:30:39","date_gmt":"2024-12-06T14:30:39","guid":{"rendered":"https:\/\/www.yoopala.com\/ressources\/?p=4466"},"modified":"2026-02-04T10:09:10","modified_gmt":"2026-02-04T09:09:10","slug":"cycles-de-sommeil-bebes","status":"publish","type":"post","link":"https:\/\/www.yoopala.com\/ressources\/cycles-de-sommeil-bebes\/","title":{"rendered":"Les cycles de sommeil des b\u00e9b\u00e9s : ce qu\u2019il faut savoir pour mieux comprendre votre nouveau-n\u00e9"},"content":{"rendered":"\n<p>Ah, le sommeil de b\u00e9b\u00e9\u202f! Un sujet qui passionne autant qu\u2019il inqui\u00e8te les jeunes parents. Pourquoi votre tout-petit semble-t-il se r\u00e9veiller si souvent\u202f? Pourquoi les fameuses \u00ab\u00a0nuits compl\u00e8tes\u00a0\u00bb paraissent-elles un mirage lointain\u202f? Pour comprendre les habitudes de sommeil des nourrissons, il faut d\u2019abord en saisir les cycles, bien diff\u00e9rents de ceux des adultes. Dans cet article, plongeons dans le monde myst\u00e9rieux des cycles de sommeil des b\u00e9b\u00e9s, pour vous donner les cl\u00e9s d\u2019une meilleure compr\u00e9hension \u2013 et peut-\u00eatre, de nuits un peu plus paisibles\u202f!<\/p>\n\n\n\n<hr class=\"wp-block-separator has-alpha-channel-opacity\"\/>\n\n\n\n<figure class=\"wp-block-image size-large is-resized has-custom-border\"><img loading=\"lazy\" decoding=\"async\" width=\"1024\" height=\"683\" src=\"https:\/\/www.yoopala.com\/ressources\/app\/uploads\/2024\/12\/istock-595157554-1024x683.jpg\" alt=\"baby boy sleeping at night\" class=\"wp-image-4470\" style=\"border-radius:8px;width:750px\" srcset=\"https:\/\/www.yoopala.com\/ressources\/app\/uploads\/2024\/12\/istock-595157554-1024x683.jpg 1024w, https:\/\/www.yoopala.com\/ressources\/app\/uploads\/2024\/12\/istock-595157554-300x200.jpg 300w, https:\/\/www.yoopala.com\/ressources\/app\/uploads\/2024\/12\/istock-595157554-768x512.jpg 768w, https:\/\/www.yoopala.com\/ressources\/app\/uploads\/2024\/12\/istock-595157554.jpg 1254w\" sizes=\"auto, (max-width: 1024px) 100vw, 1024px\" \/><\/figure>\n\n\n<h2 class=\"wp-block-heading bsab4s-toc-content__target\" id=\"le-sommeil-des-bebes-un-fonctionnement-unique\"><strong>Le sommeil des b\u00e9b\u00e9s : un fonctionnement unique<\/strong><\/h2>\n\n\n<p>Le sommeil des nouveau-n\u00e9s n\u2019est pas seulement une version miniaturis\u00e9e du n\u00f4tre. D\u00e8s la naissance, les b\u00e9b\u00e9s ont des besoins, des rythmes et des cycles de sommeil sp\u00e9cifiques qui \u00e9voluent rapidement au fil des mois.<\/p>\n\n\n<h4 class=\"wp-block-heading bsab4s-toc-content__target\" id=\"pourquoi-le-sommeil-des-bebes-estil-si-fragmente\"><strong>Pourquoi le sommeil des b\u00e9b\u00e9s est-il si fragment\u00e9 ?<\/strong><\/h4>\n\n\n<p>Chez les adultes, un cycle de sommeil dure environ <strong>90 minutes<\/strong>, avec des phases de sommeil l\u00e9ger, profond et paradoxal (r\u00eaves). Les b\u00e9b\u00e9s, eux, ont des cycles beaucoup plus courts, de <strong>40 \u00e0 60 minutes seulement<\/strong>. Cela signifie qu\u2019ils passent plus souvent d\u2019une phase \u00e0 l\u2019autre, augmentant les chances de se r\u00e9veiller en surface.<\/p>\n\n\n\n<p>Par ailleurs, les nourrissons naissent avec un syst\u00e8me nerveux immature. Leur capacit\u00e9 \u00e0 r\u00e9guler le sommeil et \u00e0 diff\u00e9rencier le jour de la nuit est encore en d\u00e9veloppement. C\u2019est pour cela que les r\u00e9veils nocturnes sont tout \u00e0 fait normaux \u2013 m\u00eame si cela met \u00e0 rude \u00e9preuve la patience (et les cernes) des parents.<\/p>\n\n\n\n<hr class=\"wp-block-separator has-alpha-channel-opacity\"\/>\n\n\n<h2 class=\"wp-block-heading bsab4s-toc-content__target\" id=\"les-phases-de-sommeil-chez-les-bebes\"><strong>Les phases de sommeil chez les b\u00e9b\u00e9s<\/strong><\/h2>\n\n\n<p>Chaque cycle de sommeil de b\u00e9b\u00e9 se divise en deux grandes phases principales :<\/p>\n\n\n<h4 class=\"wp-block-heading bsab4s-toc-content__target\" id=\"1-le-sommeil-actif-ou-paradoxal\"><strong>1. Le sommeil actif (ou paradoxal)<\/strong><\/h4>\n\n\n<p>Pendant cette phase, b\u00e9b\u00e9 bouge souvent\u202f: il remue les bras et les jambes, grimace, fait des bruits et ses paupi\u00e8res tremblent. Son cerveau est en pleine activit\u00e9\u202f!<br>Le sommeil actif repr\u00e9sente environ <strong>50 % du sommeil d\u2019un nouveau-n\u00e9<\/strong>. Cette phase est cruciale pour le d\u00e9veloppement c\u00e9r\u00e9bral, notamment pour la consolidation de la m\u00e9moire et des apprentissages.<\/p>\n\n\n<h4 class=\"wp-block-heading bsab4s-toc-content__target\" id=\"2-le-sommeil-calme-ou-profond\"><strong>2. Le sommeil calme (ou profond)<\/strong><\/h4>\n\n\n<p>Ici, b\u00e9b\u00e9 est immobile, d\u00e9tendu, et sa respiration est r\u00e9guli\u00e8re. C\u2019est la phase o\u00f9 son corps grandit, se r\u00e9pare et produit des hormones essentielles comme l\u2019hormone de croissance.<br>Chez les nouveau-n\u00e9s, cette phase est plus courte que chez les adultes, mais elle s\u2019allonge \u00e0 mesure qu\u2019ils grandissent.<\/p>\n\n\n\n<figure class=\"wp-block-embed is-type-wp-embed is-provider-yoopala wp-block-embed-yoopala\"><div class=\"wp-block-embed__wrapper\">\n<blockquote class=\"wp-embedded-content\" data-secret=\"oXoPHMlBsd\"><a href=\"https:\/\/www.yoopala.com\/ressources\/grande-reforme-conge-parental-2025\/\">La grande r\u00e9forme du cong\u00e9 parental en 2025 : tous les changements qui vont transformer votre parentalit\u00e9<\/a><\/blockquote><iframe loading=\"lazy\" class=\"wp-embedded-content\" sandbox=\"allow-scripts\" security=\"restricted\" style=\"position: absolute; visibility: hidden;\" title=\"\u00ab\u00a0La grande r\u00e9forme du cong\u00e9 parental en 2025 : tous les changements qui vont transformer votre parentalit\u00e9\u00a0\u00bb &#8212; Yoopala\" src=\"https:\/\/www.yoopala.com\/ressources\/grande-reforme-conge-parental-2025\/embed\/#?secret=yENYPuUzPF#?secret=oXoPHMlBsd\" data-secret=\"oXoPHMlBsd\" width=\"500\" height=\"282\" frameborder=\"0\" marginwidth=\"0\" marginheight=\"0\" scrolling=\"no\"><\/iframe>\n<\/div><\/figure>\n\n\n\n<hr class=\"wp-block-separator has-alpha-channel-opacity\"\/>\n\n\n<h2 class=\"wp-block-heading bsab4s-toc-content__target\" id=\"evolution-des-cycles-de-sommeil-selon-lage\"><strong>\u00c9volution des cycles de sommeil selon l\u2019\u00e2ge<\/strong><\/h2>\n\n\n<p>Le sommeil de b\u00e9b\u00e9 change rapidement pendant les premiers mois de vie. Voici un aper\u00e7u des grandes \u00e9tapes\u202f:<\/p>\n\n\n<h4 class=\"wp-block-heading bsab4s-toc-content__target\" id=\"0-a-3-mois-un-sommeil-immature-et-desorganise\"><strong>0 \u00e0 3 mois : un sommeil immature et d\u00e9sorganis\u00e9<\/strong><\/h4>\n\n\n<ul class=\"wp-block-list\">\n<li><strong>Dur\u00e9e totale de sommeil : 14 \u00e0 17 heures par jour<\/strong><br>Les nouveau-n\u00e9s dorment beaucoup, mais rarement plus de 2 \u00e0 4 heures d\u2019affil\u00e9e, car leur rythme est dict\u00e9 par leurs besoins alimentaires.<\/li>\n\n\n\n<li><strong>Cycles de sommeil courts<\/strong> : Environ 50 % du temps est consacr\u00e9 au sommeil actif.<\/li>\n\n\n\n<li><strong>Aucune distinction jour\/nuit<\/strong> : Leur horloge biologique n\u2019est pas encore r\u00e9gl\u00e9e. Les r\u00e9veils nocturnes fr\u00e9quents sont donc in\u00e9vitables.<\/li>\n<\/ul>\n\n\n<h4 class=\"wp-block-heading bsab4s-toc-content__target\" id=\"3-a-6-mois-un-debut-de-structuration\"><strong>3 \u00e0 6 mois : un d\u00e9but de structuration<\/strong><\/h4>\n\n\n<ul class=\"wp-block-list\">\n<li><strong>Dur\u00e9e totale de sommeil : 12 \u00e0 15 heures par jour<\/strong><br>\u00c0 cet \u00e2ge, les cycles commencent \u00e0 s\u2019allonger (60 \u00e0 90 minutes). Le sommeil profond devient plus pr\u00e9sent, ce qui peut aider b\u00e9b\u00e9 \u00e0 dormir un peu plus longtemps.<\/li>\n\n\n\n<li><strong>Le rythme circadien s\u2019installe<\/strong> : Gr\u00e2ce \u00e0 l\u2019exposition \u00e0 la lumi\u00e8re du jour et \u00e0 une routine, b\u00e9b\u00e9 commence \u00e0 comprendre que la nuit est faite pour dormir.<\/li>\n<\/ul>\n\n\n<h4 class=\"wp-block-heading bsab4s-toc-content__target\" id=\"6-a-12-mois-des-nuits-presque-plus-longues\"><strong>6 \u00e0 12 mois : des nuits (presque) plus longues<\/strong><\/h4>\n\n\n<ul class=\"wp-block-list\">\n<li><strong>Dur\u00e9e totale de sommeil : 11 \u00e0 14 heures par jour<\/strong><br>Les b\u00e9b\u00e9s de cet \u00e2ge dorment souvent entre 6 et 8 heures d\u2019affil\u00e9e la nuit (m\u00eame si des r\u00e9veils ponctuels restent courants). Les siestes sont plus r\u00e9guli\u00e8res, g\u00e9n\u00e9ralement deux \u00e0 trois par jour.<\/li>\n\n\n\n<li><strong>Cycle de sommeil proche de celui des adultes<\/strong> : Les phases de sommeil profond augmentent.<\/li>\n<\/ul>\n\n\n\n<hr class=\"wp-block-separator has-alpha-channel-opacity\"\/>\n\n\n<h2 class=\"wp-block-heading bsab4s-toc-content__target\" id=\"les-defis-des-cycles-de-sommeil-chez-bebe\"><strong>Les d\u00e9fis des cycles de sommeil chez b\u00e9b\u00e9<\/strong><\/h2>\n\n\n<p>M\u00eame en comprenant les cycles de sommeil, les nuits ne sont pas toujours paisibles. Voici quelques obstacles fr\u00e9quents et leurs solutions\u202f:<\/p>\n\n\n<h4 class=\"wp-block-heading bsab4s-toc-content__target\" id=\"1-les-microreveils-entre-les-cycles\"><strong>1. Les micro-r\u00e9veils entre les cycles<\/strong><\/h4>\n\n\n<p>Les b\u00e9b\u00e9s se r\u00e9veillent souvent \u00e0 la transition entre deux cycles, notamment s\u2019ils sont dans une phase de sommeil l\u00e9ger. Cela peut expliquer pourquoi votre tout-petit pleure soudainement, m\u00eame apr\u00e8s une courte p\u00e9riode de sommeil.<\/p>\n\n\n\n<p><strong>Que faire ?<\/strong><\/p>\n\n\n\n<ul class=\"wp-block-list\">\n<li>Essayez d\u2019attendre un moment avant d\u2019intervenir. Parfois, b\u00e9b\u00e9 se rendort seul.<\/li>\n\n\n\n<li>Assurez-vous qu\u2019il s\u2019endorme dans un environnement similaire \u00e0 celui o\u00f9 il se r\u00e9veille (par exemple, \u00e9vitez de l\u2019endormir dans vos bras s\u2019il doit rester dans son lit).<\/li>\n<\/ul>\n\n\n<h4 class=\"wp-block-heading bsab4s-toc-content__target\" id=\"2-les-regressions-du-sommeil\"><strong>2. Les r\u00e9gressions du sommeil<\/strong><\/h4>\n\n\n<p>Vers 4 mois, 8 mois, et parfois 12 mois, les b\u00e9b\u00e9s passent par des \u00ab\u00a0r\u00e9gressions\u00a0\u00bb. Ces p\u00e9riodes correspondent \u00e0 des pics de d\u00e9veloppement, o\u00f9 leurs cycles de sommeil changent ou sont perturb\u00e9s.<\/p>\n\n\n\n<p><strong>Que faire ?<\/strong><\/p>\n\n\n\n<ul class=\"wp-block-list\">\n<li>Soyez patient\u202f: ces phases sont temporaires.<\/li>\n\n\n\n<li>Maintenez une routine coh\u00e9rente pour aider b\u00e9b\u00e9 \u00e0 retrouver un rythme stable.<\/li>\n<\/ul>\n\n\n<h4 class=\"wp-block-heading bsab4s-toc-content__target\" id=\"3-la-confusion-journuit\"><strong>3. La confusion jour\/nuit<\/strong><\/h4>\n\n\n<p>Au cours des premi\u00e8res semaines, b\u00e9b\u00e9 n\u2019a pas encore compris que l\u2019on dort la nuit et que l\u2019on reste \u00e9veill\u00e9 le jour.<\/p>\n\n\n\n<p><strong>Que faire ?<\/strong><\/p>\n\n\n\n<ul class=\"wp-block-list\">\n<li>Exposez-le \u00e0 la lumi\u00e8re naturelle pendant la journ\u00e9e.<\/li>\n\n\n\n<li>Limitez les stimulations nocturnes\u202f: gardez les lumi\u00e8res tamis\u00e9es et parlez doucement lorsque vous vous occupez de lui la nuit.<\/li>\n<\/ul>\n\n\n\n<hr class=\"wp-block-separator has-alpha-channel-opacity\"\/>\n\n\n\n<figure class=\"wp-block-embed is-type-wp-embed is-provider-yoopala wp-block-embed-yoopala\"><div class=\"wp-block-embed__wrapper\">\n<blockquote class=\"wp-embedded-content\" data-secret=\"MPlSLhUwDl\"><a href=\"https:\/\/www.yoopala.com\/ressources\/podcasts-parents-debordes\/\">Nuits blanches et biberons : les podcasts pour parents d\u00e9bord\u00e9s<\/a><\/blockquote><iframe loading=\"lazy\" class=\"wp-embedded-content\" sandbox=\"allow-scripts\" security=\"restricted\" style=\"position: absolute; visibility: hidden;\" title=\"\u00ab\u00a0Nuits blanches et biberons : les podcasts pour parents d\u00e9bord\u00e9s\u00a0\u00bb &#8212; Yoopala\" src=\"https:\/\/www.yoopala.com\/ressources\/podcasts-parents-debordes\/embed\/#?secret=DbEvyHI89c#?secret=MPlSLhUwDl\" data-secret=\"MPlSLhUwDl\" width=\"500\" height=\"282\" frameborder=\"0\" marginwidth=\"0\" marginheight=\"0\" scrolling=\"no\"><\/iframe>\n<\/div><\/figure>\n\n\n<h2 class=\"wp-block-heading bsab4s-toc-content__target\" id=\"astuces-pour-aider-bebe-a-mieux-dormir-selon-ses-cycles\"><strong>Astuces pour aider b\u00e9b\u00e9 \u00e0 mieux dormir selon ses cycles<\/strong><\/h2>\n\n<h4 class=\"wp-block-heading bsab4s-toc-content__target\" id=\"1-respectez-les-signes-de-fatigue\"><strong>1. Respectez les signes de fatigue<\/strong><\/h4>\n\n\n<p>Un b\u00e9b\u00e9 fatigu\u00e9 a du mal \u00e0 s\u2019endormir s\u2019il est trop stimul\u00e9. Observez les signaux\u202f: frottement des yeux, b\u00e2illements, agitation\u2026 Mettez-le au lit avant qu\u2019il ne soit trop \u00e9puis\u00e9.<\/p>\n\n\n<h4 class=\"wp-block-heading bsab4s-toc-content__target\" id=\"2-instaurez-une-routine-apaisante\"><strong>2. Instaurez une routine apaisante<\/strong><\/h4>\n\n\n<p>Une routine simple et r\u00e9p\u00e9t\u00e9e aide \u00e0 pr\u00e9parer b\u00e9b\u00e9 au sommeil. Par exemple\u202f: bain, c\u00e2lin, histoire, dodo. Cette r\u00e9p\u00e9tition lui indique que l\u2019heure du coucher approche.<\/p>\n\n\n<h4 class=\"wp-block-heading bsab4s-toc-content__target\" id=\"3-favorisez-lendormissement-autonome\"><strong>3. Favorisez l\u2019endormissement autonome<\/strong><\/h4>\n\n\n<p>Si b\u00e9b\u00e9 apprend \u00e0 s\u2019endormir seul, il sera plus \u00e0 m\u00eame de se rendormir lorsqu\u2019il se r\u00e9veille entre deux cycles. Cela ne signifie pas le laisser pleurer, mais plut\u00f4t l\u2019encourager \u00e0 trouver ses propres moyens de se calmer (sucette, doudou, etc.).<\/p>\n\n\n<h4 class=\"wp-block-heading bsab4s-toc-content__target\" id=\"4-adaptez-les-siestes-au-rythme-biologique\"><strong>4. Adaptez les siestes au rythme biologique<\/strong><\/h4>\n\n\n<p>Les siestes trop longues ou trop tardives peuvent perturber le sommeil nocturne. Essayez de respecter les p\u00e9riodes de sommeil naturelles en journ\u00e9e, tout en veillant \u00e0 ne pas surcharger b\u00e9b\u00e9.<\/p>\n\n\n\n<hr class=\"wp-block-separator has-alpha-channel-opacity\"\/>\n\n\n<h2 class=\"wp-block-heading bsab4s-toc-content__target\" id=\"quand-consulter-un-specialiste\"><strong>Quand consulter un sp\u00e9cialiste ?<\/strong><\/h2>\n\n\n<p>Si votre b\u00e9b\u00e9 semble constamment fatigu\u00e9, qu\u2019il a des difficult\u00e9s majeures \u00e0 s\u2019endormir ou qu\u2019il se r\u00e9veille excessivement souvent (m\u00eame apr\u00e8s 6 mois), il peut \u00eatre utile de consulter un p\u00e9diatre ou un sp\u00e9cialiste du sommeil pour \u00e9carter tout probl\u00e8me m\u00e9dical (comme un reflux ou des troubles respiratoires).<\/p>\n\n\n\n<hr class=\"wp-block-separator has-alpha-channel-opacity\"\/>\n\n\n<h2 class=\"wp-block-heading bsab4s-toc-content__target\" id=\"comprendre-pour-mieux-accompagner\"><strong>Comprendre pour mieux accompagner<\/strong><\/h2>\n\n\n<p>Les cycles de sommeil des b\u00e9b\u00e9s sont une petite \u00e9nigme pour les parents, mais en les comprenant, vous pouvez mieux adapter vos strat\u00e9gies et vos attentes. Rappelez-vous\u202f: les r\u00e9veils nocturnes sont normaux et font partie int\u00e9grante de leur d\u00e9veloppement. Soyez patient, ajustez votre routine, et surtout, \u00e9coutez votre instinct. Ce n\u2019est pas toujours facile, mais chaque nuit pass\u00e9e \u00e0 prendre soin de votre b\u00e9b\u00e9 contribue \u00e0 son bien-\u00eatre et \u00e0 renforcer votre lien.<\/p>\n\n\n\n<p>Et dites-vous que ces nuits chaotiques finiront par faire partie de vos souvenirs attendris\u2026 M\u00eame si pour le moment, elles vous semblent interminables\u202f! \ud83c\udf19<\/p>\n\n\n\n<p><\/p>\n","protected":false},"excerpt":{"rendered":"<p>Tout comprendre sur les cycles du sommeil chez les b\u00e9b\u00e9s. <\/p>\n","protected":false},"author":2,"featured_media":4470,"comment_status":"closed","ping_status":"closed","sticky":false,"template":"","format":"standard","meta":{"_seopress_robots_primary_cat":"none","_seopress_titles_title":"","_seopress_titles_desc":"","_seopress_robots_index":"","footnotes":""},"categories":[105,14],"tags":[],"class_list":{"0":"post-4466","1":"post","2":"type-post","3":"status-publish","4":"format-standard","5":"has-post-thumbnail","7":"category-parentalite","8":"category-familles"},"_links":{"self":[{"href":"https:\/\/www.yoopala.com\/ressources\/wp-json\/wp\/v2\/posts\/4466","targetHints":{"allow":["GET"]}}],"collection":[{"href":"https:\/\/www.yoopala.com\/ressources\/wp-json\/wp\/v2\/posts"}],"about":[{"href":"https:\/\/www.yoopala.com\/ressources\/wp-json\/wp\/v2\/types\/post"}],"author":[{"embeddable":true,"href":"https:\/\/www.yoopala.com\/ressources\/wp-json\/wp\/v2\/users\/2"}],"replies":[{"embeddable":true,"href":"https:\/\/www.yoopala.com\/ressources\/wp-json\/wp\/v2\/comments?post=4466"}],"version-history":[{"count":4,"href":"https:\/\/www.yoopala.com\/ressources\/wp-json\/wp\/v2\/posts\/4466\/revisions"}],"predecessor-version":[{"id":4488,"href":"https:\/\/www.yoopala.com\/ressources\/wp-json\/wp\/v2\/posts\/4466\/revisions\/4488"}],"wp:featuredmedia":[{"embeddable":true,"href":"https:\/\/www.yoopala.com\/ressources\/wp-json\/wp\/v2\/media\/4470"}],"wp:attachment":[{"href":"https:\/\/www.yoopala.com\/ressources\/wp-json\/wp\/v2\/media?parent=4466"}],"wp:term":[{"taxonomy":"category","embeddable":true,"href":"https:\/\/www.yoopala.com\/ressources\/wp-json\/wp\/v2\/categories?post=4466"},{"taxonomy":"post_tag","embeddable":true,"href":"https:\/\/www.yoopala.com\/ressources\/wp-json\/wp\/v2\/tags?post=4466"}],"curies":[{"name":"wp","href":"https:\/\/api.w.org\/{rel}","templated":true}]}}