{"id":4875,"date":"2025-01-14T11:31:49","date_gmt":"2025-01-14T10:31:49","guid":{"rendered":"https:\/\/www.yoopala.com\/ressources\/?p=4875"},"modified":"2026-02-04T10:08:54","modified_gmt":"2026-02-04T09:08:54","slug":"harcelement-scolaire-guide-complet-accompagner-proteger","status":"publish","type":"post","link":"https:\/\/www.yoopala.com\/ressources\/harcelement-scolaire-guide-complet-accompagner-proteger\/","title":{"rendered":"Harc\u00e8lement scolaire : guide complet pour accompagner et prot\u00e9ger votre enfant au quotidien"},"content":{"rendered":"\n<p>Votre enfant ne veut plus aller \u00e0 l&rsquo;\u00e9cole ? Il se plaint r\u00e9guli\u00e8rement de maux de ventre ? Les parents que nous rencontrons nous confient souvent leurs inqui\u00e9tudes face aux changements de comportement de leur petit bout de chou. \u00ab <em>Mon fils de 6 ans adorait sa ma\u00eetresse, et maintenant il pleure chaque matin&#8230;<\/em>\u00bb nous raconte Sophie, maman inqui\u00e8te comme beaucoup d&rsquo;entre vous.<\/p>\n\n\n\n<p>Le harc\u00e8lement scolaire touche aussi les plus jeunes, d\u00e8s la maternelle. Les moqueries sur les v\u00eatements, l&rsquo;exclusion pendant la r\u00e9cr\u00e9ation, les bousculades \u00e0 la cantine&#8230; autant de situations qui peuvent transformer le quotidien de votre enfant en v\u00e9ritable parcours du combattant.<\/p>\n\n\n\n<p>Comment savoir si votre enfant est victime de harc\u00e8lement&nbsp; scolaire? Quels sont les signes qui doivent vous alerter ? \u00c0 qui en parler ? Pas de panique, nous sommes l\u00e0 pour vous guider pas \u00e0 pas dans l&rsquo;accompagnement de votre enfant.<\/p>\n\n\n\n<p>En tant que parents, vous avez un r\u00f4le essentiel \u00e0 jouer, et nous allons vous donner toutes les cl\u00e9s pour agir efficacement.<\/p>\n\n\n\n<figure class=\"wp-block-image size-large has-custom-border\"><img loading=\"lazy\" decoding=\"async\" width=\"1024\" height=\"683\" src=\"https:\/\/www.yoopala.com\/ressources\/app\/uploads\/2025\/01\/istock-1255903574-1024x683.jpg\" alt=\"school bullying\" class=\"wp-image-4878\" style=\"border-radius:8px\" srcset=\"https:\/\/www.yoopala.com\/ressources\/app\/uploads\/2025\/01\/istock-1255903574-1024x683.jpg 1024w, https:\/\/www.yoopala.com\/ressources\/app\/uploads\/2025\/01\/istock-1255903574-300x200.jpg 300w, https:\/\/www.yoopala.com\/ressources\/app\/uploads\/2025\/01\/istock-1255903574-768x512.jpg 768w, https:\/\/www.yoopala.com\/ressources\/app\/uploads\/2025\/01\/istock-1255903574.jpg 1254w\" sizes=\"auto, (max-width: 1024px) 100vw, 1024px\" \/><\/figure>\n\n\n<h2 class=\"wp-block-heading bsab4s-toc-content__target\" id=\"le-harcelement-scolaire-parlonsen-definition-et-manifestations\"><strong>Le harc\u00e8lement scolaire, parlons-en : d\u00e9finition et manifestations<\/strong><\/h2>\n\n<h3 class=\"wp-block-heading bsab4s-toc-content__target\" id=\"quels-sont-les-differents-types-de-harcelement-a-lecole\">Quels sont les diff\u00e9rents types de harc\u00e8lement \u00e0 l&rsquo;\u00e9cole ?<\/h3>\n\n\n<p>Le harc\u00e8lement \u00e0 l&rsquo;\u00e9cole en maternelle et primaire prend des formes sp\u00e9cifiques que vous pouvez apprendre \u00e0 reconna\u00eetre. Les violences verbales se manifestent par des moqueries sur l&rsquo;apparence ou les v\u00eatements : \u00ab\u00a0tu portes toujours le m\u00eame pull\u00a0\u00bb, \u00ab\u00a0tes cheveux sont bizarres\u00a0\u00bb.<\/p>\n\n\n\n<p>Les violences physiques incluent les bousculades dans les couloirs, les croche-pieds dans la cour de r\u00e9cr\u00e9ation ou les pincements discrets en classe. L&rsquo;exclusion sociale, particuli\u00e8rement pr\u00e9sente chez les plus jeunes, se traduit par des phrases comme \u00ab\u00a0<em>on ne veut pas jouer avec toi<\/em>\u00a0\u00bb ou \u00ab\u00a0<em>tu ne peux pas venir \u00e0 mon anniversaire<\/em>\u00ab\u00a0.<\/p>\n\n\n\n<p>Votre enfant peut aussi subir du harc\u00e8lement mat\u00e9riel : ses affaires sont cach\u00e9es, son go\u00fbter est vol\u00e9 ou ses dessins sont ab\u00eem\u00e9s. Face \u00e0 ces situations, notre r\u00f4le est d&rsquo;accompagner chaque famille pour mettre en place une protection adapt\u00e9e \u00e0 votre situation.<\/p>\n\n\n<h3 class=\"wp-block-heading bsab4s-toc-content__target\" id=\"les-signes-qui-doivent-vous-alerter-chez-votre-enfant\">Les signes qui doivent vous alerter chez votre enfant<\/h3>\n\n\n<p>Votre petit Lucas rentre de l&rsquo;\u00e9cole avec son dessin pr\u00e9f\u00e9r\u00e9 d\u00e9chir\u00e9 ? Sarah ne veut plus mettre sa robe \u00e0 paillettes qu&rsquo;elle adorait tant ? Ces changements peuvent \u00eatre les premiers signaux d&rsquo;alerte. Observez si votre enfant manifeste des <strong>maux de ventre<\/strong> r\u00e9currents le matin ou s&rsquo;il cherche des excuses pour ne pas aller \u00e0 l&rsquo;\u00e9cole.<\/p>\n\n\n\n<p>Les plus jeunes expriment souvent leur mal-\u00eatre diff\u00e9remment des grands. Une r\u00e9gression dans les apprentissages, comme un retour au \u00ab\u00a0doudou\u00a0\u00bb pour dormir ou des petits accidents de propret\u00e9, peut masquer une situation difficile \u00e0 l&rsquo;\u00e9cole. \u00ab\u00a0<em>Maman, j&rsquo;ai encore mal au ventre<\/em>\u00a0\u00bb devient alors un code pour dire \u00ab\u00a0<em>Je ne veux pas y aller<\/em>\u00ab\u00a0.<\/p>\n\n\n\n<p>Soyez attentifs aux moments de jeux : votre enfant reproduit-il des sc\u00e8nes de conflit avec ses peluches ? Dessine-t-il des situations qui vous interpellent ? Ces comportements, apparemment anodins, sont parfois r\u00e9v\u00e9lateurs d&rsquo;un quotidien compliqu\u00e9 \u00e0 l&rsquo;\u00e9cole maternelle ou en primaire.<\/p>\n\n\n<h3 class=\"wp-block-heading bsab4s-toc-content__target\" id=\"du-harcelement-scolaire-au-cyberharcelement-comprendre-les-liens\">Du harc\u00e8lement scolaire au cyberharc\u00e8lement : comprendre les liens<\/h3>\n\n\n<p>L&rsquo;arriv\u00e9e des tablettes et smartphones dans le quotidien de nos enfants transforme parfois les moqueries de la cour de r\u00e9cr\u00e9ation en v\u00e9ritable cauchemar num\u00e9rique. \u00ab\u00a0<em>Maman, regarde ce qu&rsquo;ils ont \u00e9crit sur ma photo<\/em>\u00a0\u00bb nous confie Emma, 8 ans, boulevers\u00e9e par des commentaires sur une image partag\u00e9e sans son accord.<\/p>\n\n\n\n<p>M\u00eame en <strong>primaire<\/strong>, les groupes de discussion peuvent devenir des espaces o\u00f9 le harc\u00e8lement se poursuit apr\u00e8s l&rsquo;\u00e9cole. Les jeux en ligne, les applications de messagerie ou les r\u00e9seaux sociaux cr\u00e9ent une nouvelle vuln\u00e9rabilit\u00e9 pour vos enfants. Une dispute \u00e0 la r\u00e9cr\u00e9ation peut se transformer en cascade de messages blessants le soir \u00e0 la maison.<\/p>\n\n\n\n<p>Nous vous conseillons de rester vigilants sur l&rsquo;utilisation des \u00e9crans et d&rsquo;instaurer un dialogue ouvert avec votre enfant sur ses exp\u00e9riences num\u00e9riques. Apprenez-lui \u00e0 vous montrer ce qui le d\u00e9range et \u00e0 ne jamais garder pour lui des messages qui le blessent.<\/p>\n\n\n\n<figure class=\"wp-block-embed is-type-wp-embed is-provider-yoopala wp-block-embed-yoopala\"><div class=\"wp-block-embed__wrapper\">\n<blockquote class=\"wp-embedded-content\" data-secret=\"YvsGmiVtNC\"><a href=\"https:\/\/www.yoopala.com\/ressources\/les-erreurs-courantes-a-eviter-parents-aide-aux-devoirs\/\">Les erreurs courantes \u00e0 \u00e9viter : ce que les parents ne devraient PAS faire lors de l\u2019aide aux devoirs<\/a><\/blockquote><iframe loading=\"lazy\" class=\"wp-embedded-content\" sandbox=\"allow-scripts\" security=\"restricted\" style=\"position: absolute; visibility: hidden;\" title=\"\u00ab\u00a0Les erreurs courantes \u00e0 \u00e9viter : ce que les parents ne devraient PAS faire lors de l\u2019aide aux devoirs\u00a0\u00bb &#8212; Yoopala\" src=\"https:\/\/www.yoopala.com\/ressources\/les-erreurs-courantes-a-eviter-parents-aide-aux-devoirs\/embed\/#?secret=e7Kzk4el95#?secret=YvsGmiVtNC\" data-secret=\"YvsGmiVtNC\" width=\"500\" height=\"282\" frameborder=\"0\" marginwidth=\"0\" marginheight=\"0\" scrolling=\"no\"><\/iframe>\n<\/div><\/figure>\n\n\n<h2 class=\"wp-block-heading bsab4s-toc-content__target\" id=\"parents-voici-comment-detecter-si-votre-enfant-est-victime\"><strong>Parents, voici comment d\u00e9tecter si votre enfant est victime<\/strong><\/h2>\n\n<h3 class=\"wp-block-heading bsab4s-toc-content__target\" id=\"les-changements-de-comportement-a-la-maison\">Les changements de comportement \u00e0 la maison<\/h3>\n\n\n<p>\u00c0 la maison, votre enfant peut manifester son mal-\u00eatre de fa\u00e7on subtile. Le soir, il refuse de se mettre en pyjama ou tra\u00eene inhabituellement pour ranger ses affaires. <em>\u00ab\u00a0Je range mon cartable demain matin\u00a0\u00bb<\/em> devient une excuse r\u00e9p\u00e9t\u00e9e pour \u00e9viter de penser \u00e0 l&rsquo;\u00e9cole.<\/p>\n\n\n\n<p>La nuit, les cauchemars peuvent s&rsquo;intensifier, accompagn\u00e9s de demandes fr\u00e9quentes pour dormir dans votre lit. Les moments de repas deviennent parfois tendus : votre petit mangeur enthousiaste chipote soudain dans son assiette.<\/p>\n\n\n\n<p>Les jeux aussi se transforment : fini les r\u00e9cits joyeux d&rsquo;aventures \u00e0 l&rsquo;\u00e9cole avec les copains. Votre enfant pr\u00e9f\u00e8re maintenant jouer seul, \u00e9vite les activit\u00e9s de groupe qu&rsquo;il adorait avant. Une situation pr\u00e9occupante qui m\u00e9rite toute votre attention, sans dramatisation excessive.<\/p>\n\n\n<h3 class=\"wp-block-heading bsab4s-toc-content__target\" id=\"les-modifications-dans-sa-relation-a-lecole\">Les modifications dans sa relation \u00e0 l&rsquo;\u00e9cole<\/h3>\n\n\n<p>\u00c0 l&rsquo;<strong>\u00e9cole<\/strong>, les premiers signes apparaissent souvent dans la cour de r\u00e9cr\u00e9ation. Votre petit \u00e9colier, autrefois enthousiaste pour rejoindre ses camarades, reste maintenant pr\u00e8s de la ma\u00eetresse pendant la pause. Les trajets vers l&rsquo;\u00e9tablissement scolaire deviennent source d&rsquo;anxi\u00e9t\u00e9 : \u00ab\u00a0<em>J&rsquo;ai oubli\u00e9 mon cahier<\/em>\u00ab\u00a0, \u00ab\u00a0<em>On peut prendre un autre chemin ?<\/em>\u00ab\u00a0<\/p>\n\n\n\n<p>Les r\u00e9sultats scolaires peuvent aussi fluctuer. Un \u00e9l\u00e8ve brillant qui commence \u00e0 baisser en lecture ou un enfant d&rsquo;habitude discret qui multiplie les bavardages pour attirer l&rsquo;attention de l&rsquo;\u00e9quipe p\u00e9dagogique. Ces changements m\u00e9ritent votre vigilance.<\/p>\n\n\n\n<p>Dans la classe, observez si votre enfant \u00e9vite certaines activit\u00e9s de groupe ou demande syst\u00e9matiquement \u00e0 changer de place. Ces petits d\u00e9tails sont parfois les premiers signaux d&rsquo;une situation de harc\u00e8lement \u00e0 l&rsquo;\u00e9cole qui se met en place.<\/p>\n\n\n<h3 class=\"wp-block-heading bsab4s-toc-content__target\" id=\"les-signaux-dalarme-physiques-et-emotionnels\">Les signaux d&rsquo;alarme physiques et \u00e9motionnels<\/h3>\n\n\n<p>Les manifestations physiques du harc\u00e8lement&nbsp; scolaire se r\u00e9v\u00e8lent souvent par des <strong>troubles du sommeil<\/strong> et une fatigue inhabituelle chez votre petit. Certains enfants d\u00e9veloppent des maux de t\u00eate fr\u00e9quents ou des probl\u00e8mes digestifs r\u00e9currents. Nous observons aussi des changements dans leur app\u00e9tit : tant\u00f4t ils mangent trop, tant\u00f4t plus du tout.<\/p>\n\n\n\n<p>Sur le plan \u00e9motionnel, votre enfant peut manifester une anxi\u00e9t\u00e9 nouvelle, notamment avant les activit\u00e9s de groupe. Les plus jeunes expriment parfois leur d\u00e9tresse par des comportements r\u00e9gressifs : sucer son pouce, retrouver des accidents nocturnes. Un changement soudain d&rsquo;humeur ou des crises de col\u00e8re inexpliqu\u00e9es sont \u00e9galement des signaux \u00e0 prendre au s\u00e9rieux.<\/p>\n\n\n\n<p>Restez attentifs aux petits d\u00e9tails : un dessin plus sombre que d&rsquo;habitude, un doudou qui redevient indispensable, une peur nouvelle de rester seul. Ces modifications subtiles dans le quotidien de votre enfant m\u00e9ritent votre attention bienveillante.<\/p>\n\n\n<h3 class=\"wp-block-heading bsab4s-toc-content__target\" id=\"ou-commence-le-harcelement-scolaire\">O\u00f9 commence le harc\u00e8lement scolaire ?<\/h3>\n\n\n<p>Les premi\u00e8res manifestations du harc\u00e8lement apparaissent parfois d\u00e8s la maternelle, dans des situations qui semblent anodines. Un enfant syst\u00e9matiquement exclu des jeux collectifs, des moqueries r\u00e9p\u00e9t\u00e9es sur une particularit\u00e9 physique, ou encore le refus constant de certains de s&rsquo;asseoir \u00e0 c\u00f4t\u00e9 d&rsquo;un camarade lors du go\u00fbter.<\/p>\n\n\n\n<p>Ces micro-agressions s&rsquo;installent souvent dans les moments de transition : l&rsquo;arriv\u00e9e en classe le matin, la r\u00e9cr\u00e9ation, la cantine. <em>\u00ab\u00a0Les autres disent que je sens mauvais\u00a0\u00bb<\/em> nous confie L\u00e9a, 5 ans, dont le doudou devient le seul compagnon de jeu.<\/p>\n\n\n\n<p>Les <strong>dynamiques de groupe<\/strong> se cristallisent rapidement : un \u00ab\u00a0meneur\u00a0\u00bb \u00e9merge, entra\u00eenant d&rsquo;autres enfants dans ses comportements excluants. Le r\u00f4le des adultes est alors d\u00e9terminant pour rep\u00e9rer et d\u00e9samorcer ces situations avant qu&rsquo;elles ne s&rsquo;enracinent dans le quotidien de la classe.<\/p>\n\n\n\n<figure class=\"wp-block-embed is-type-wp-embed is-provider-yoopala wp-block-embed-yoopala\"><div class=\"wp-block-embed__wrapper\">\n<blockquote class=\"wp-embedded-content\" data-secret=\"MTA3BDX8Be\"><a href=\"https:\/\/www.yoopala.com\/ressources\/le-role-des-reseaux-sociaux-et-comment-proteger-la-vie-privee-des-enfants-guide-pour-les-parents-dadolescents\/\">Le r\u00f4le des r\u00e9seaux sociaux et comment prot\u00e9ger la vie priv\u00e9e des enfants : guide pour les parents d\u2019adolescents.<\/a><\/blockquote><iframe loading=\"lazy\" class=\"wp-embedded-content\" sandbox=\"allow-scripts\" security=\"restricted\" style=\"position: absolute; visibility: hidden;\" title=\"\u00ab\u00a0Le r\u00f4le des r\u00e9seaux sociaux et comment prot\u00e9ger la vie priv\u00e9e des enfants : guide pour les parents d\u2019adolescents.\u00a0\u00bb &#8212; Yoopala\" src=\"https:\/\/www.yoopala.com\/ressources\/le-role-des-reseaux-sociaux-et-comment-proteger-la-vie-privee-des-enfants-guide-pour-les-parents-dadolescents\/embed\/#?secret=Rff42rLaaK#?secret=MTA3BDX8Be\" data-secret=\"MTA3BDX8Be\" width=\"500\" height=\"282\" frameborder=\"0\" marginwidth=\"0\" marginheight=\"0\" scrolling=\"no\"><\/iframe>\n<\/div><\/figure>\n\n\n<h2 class=\"wp-block-heading bsab4s-toc-content__target\" id=\"comment-liberer-la-parole-de-votre-enfant\"><strong>Comment lib\u00e9rer la parole de votre enfant ?<\/strong><\/h2>\n\n<h3 class=\"wp-block-heading bsab4s-toc-content__target\" id=\"creer-un-climat-de-confiance-au-quotidien\">Cr\u00e9er un climat de confiance au quotidien<\/h3>\n\n\n<p><em>\u00ab\u00a0Maman, tu sais, aujourd&rsquo;hui \u00e0 l&rsquo;\u00e9cole&#8230;\u00a0\u00bb<\/em> Ces mots pr\u00e9cieux marquent souvent le d\u00e9but d&rsquo;une conversation importante. Pour favoriser ces moments de partage, transformez les petits rituels quotidiens en occasions de dialogue. La lecture du soir devient un moment privil\u00e9gi\u00e9 o\u00f9 votre enfant peut s&rsquo;identifier aux personnages de ses histoires pr\u00e9f\u00e9r\u00e9es.<\/p>\n\n\n\n<p>Les activit\u00e9s cr\u00e9atives comme le dessin ou la p\u00e2te \u00e0 modeler offrent aussi des espaces d&rsquo;expression naturels. Votre petit artiste pourra alors partager ses \u00e9motions \u00e0 travers ses cr\u00e9ations, sans la pression des mots. Une promenade dans le parc, un trajet en voiture ou m\u00eame la pr\u00e9paration du go\u00fbter : chaque instant peut devenir une bulle de confiance.<\/p>\n\n\n\n<p>N&rsquo;h\u00e9sitez pas \u00e0 partager vos propres petites histoires d&rsquo;\u00e9cole. En racontant comment vous avez surmont\u00e9 une situation difficile, vous montrez \u00e0 votre enfant que la parole lib\u00e8re et que vous restez son refuge bienveillant.<\/p>\n\n\n<h3 class=\"wp-block-heading bsab4s-toc-content__target\" id=\"les-moments-propices-pour-echanger\">Les moments propices pour \u00e9changer<\/h3>\n\n\n<p>Le bain du soir offre une parenth\u00e8se id\u00e9ale pour discuter avec votre petit. Dans l&rsquo;eau chaude et rassurante, les langues se d\u00e9lient naturellement. Les bulles de savon deviennent parfois les confidentes des petits tracas de la journ\u00e9e.<\/p>\n\n\n\n<p>Au retour de l&rsquo;\u00e9cole, laissez \u00e0 votre enfant un temps de d\u00e9compression. Un go\u00fbter tranquille, sans questions pressantes, permet souvent d&rsquo;ouvrir la discussion spontan\u00e9ment. Les yeux riv\u00e9s sur son bol de chocolat chaud, votre petit \u00e9colier pourrait vous surprendre avec ses confidences.<\/p>\n\n\n\n<p>Le week-end, privil\u00e9giez les activit\u00e9s \u00e0 deux : cuisine, jardinage ou bricolage. Ces moments de complicit\u00e9, o\u00f9 l&rsquo;attention n&rsquo;est pas directement focalis\u00e9e sur la discussion, facilitent le partage d&rsquo;\u00e9motions. Sans pression ni jugement, votre enfant se sentira plus libre de vous confier ses inqui\u00e9tudes.<\/p>\n\n\n<h3 class=\"wp-block-heading bsab4s-toc-content__target\" id=\"les-phrases-a-privilegier-pour-lencourager-a-parler\">Les phrases \u00e0 privil\u00e9gier pour l&rsquo;encourager \u00e0 parler<\/h3>\n\n\n<p>Adoptez des formulations ouvertes qui invitent \u00e0 la discussion : \u00ab\u00a0Raconte-moi ce qui t&rsquo;a fait sourire aujourd&rsquo;hui\u00a0\u00bb ou \u00ab\u00a0Qu&rsquo;est-ce qui t&rsquo;a surpris pendant la r\u00e9cr\u00e9ation ?\u00a0\u00bb. Ces questions permettent \u00e0 votre \u00e9colier d&rsquo;aborder naturellement sa journ\u00e9e.<\/p>\n\n\n\n<p>Face \u00e0 ses confidences, privil\u00e9giez des r\u00e9ponses rassurantes : \u00ab\u00a0Tu as bien fait de m&rsquo;en parler\u00a0\u00bb, \u00ab\u00a0Je comprends que cette situation soit difficile pour toi\u00a0\u00bb. Montrez-lui que sa parole compte : \u00ab\u00a0Comment aimerais-tu que nous t&rsquo;aidions ?\u00a0\u00bb, \u00ab\u00a0Quelles solutions pourrions-nous imaginer ensemble ?\u00a0\u00bb.<\/p>\n\n\n\n<p>\u00c9vitez les interrogatoires directs au profit d&rsquo;encouragements bienveillants : \u00ab\u00a0Je suis l\u00e0 pour t&rsquo;\u00e9couter quand tu veux\u00a0\u00bb, \u00ab\u00a0Nous allons trouver des solutions ensemble\u00a0\u00bb. Ces mots cr\u00e9ent un espace s\u00e9curisant o\u00f9 votre enfant se sent libre d&rsquo;exprimer ses \u00e9motions.<\/p>\n\n\n\n<figure class=\"wp-block-embed is-type-wp-embed is-provider-yoopala wp-block-embed-yoopala\"><div class=\"wp-block-embed__wrapper\">\n<blockquote class=\"wp-embedded-content\" data-secret=\"ubnzBiZrxi\"><a href=\"https:\/\/www.yoopala.com\/ressources\/jalousie-entre-freres-et-soeurs-transformer-les-rivalites-en-complicite\/\">Jalousie entre fr\u00e8res et s\u0153urs : transformer les rivalit\u00e9s en complicit\u00e9<\/a><\/blockquote><iframe loading=\"lazy\" class=\"wp-embedded-content\" sandbox=\"allow-scripts\" security=\"restricted\" style=\"position: absolute; visibility: hidden;\" title=\"\u00ab\u00a0Jalousie entre fr\u00e8res et s\u0153urs : transformer les rivalit\u00e9s en complicit\u00e9\u00a0\u00bb &#8212; Yoopala\" src=\"https:\/\/www.yoopala.com\/ressources\/jalousie-entre-freres-et-soeurs-transformer-les-rivalites-en-complicite\/embed\/#?secret=KFQ7KQraE6#?secret=ubnzBiZrxi\" data-secret=\"ubnzBiZrxi\" width=\"500\" height=\"282\" frameborder=\"0\" marginwidth=\"0\" marginheight=\"0\" scrolling=\"no\"><\/iframe>\n<\/div><\/figure>\n\n\n<h2 class=\"wp-block-heading bsab4s-toc-content__target\" id=\"votre-enfant-sest-confie-comment-reagir-en-cas-de-harcelement-a-lecole-et-comment-le-stopper\"><strong>Votre enfant s&rsquo;est confi\u00e9, comment r\u00e9agir en cas de harc\u00e8lement \u00e0 l&rsquo;\u00e9cole, et comment le stopper ?<\/strong><\/h2>\n\n<h3 class=\"wp-block-heading bsab4s-toc-content__target\" id=\"lecoute-et-le-soutien-les-premieres-actions-essentielles\">L&rsquo;\u00e9coute et le soutien : les premi\u00e8res actions essentielles<\/h3>\n\n\n<p>Accueillir la parole de votre petit demande une r\u00e9action mesur\u00e9e et rassurante. Prenez-le dans vos bras, remerciez-le de sa confiance : <em>\u00ab\u00a0Je suis fier(e) que tu m&rsquo;en parles\u00a0\u00bb<\/em>. Ces premiers instants sont pr\u00e9cieux pour renforcer son sentiment de s\u00e9curit\u00e9.<\/p>\n\n\n\n<p>Pour l&rsquo;aider \u00e0 exprimer ses \u00e9motions, proposez-lui des outils adapt\u00e9s \u00e0 son \u00e2ge. Une bo\u00eete \u00e0 sentiments o\u00f9 il peut d\u00e9poser des dessins, un carnet secret partag\u00e9 entre vous deux, ou m\u00eame des peluches-confidentes. Les plus jeunes adorent par exemple confier leurs soucis \u00e0 \u00ab\u00a0Monsieur Courage\u00a0\u00bb, leur doudou sp\u00e9cial.<\/p>\n\n\n\n<p>Notez discr\u00e8tement les faits qu&rsquo;il vous rapporte : dates, lieux, mots utilis\u00e9s. Ces d\u00e9tails vous seront utiles pour accompagner votre enfant. Sans le bombarder de questions, laissez-lui le temps de d\u00e9rouler son histoire \u00e0 son rythme, dans un espace de confiance o\u00f9 il se sent \u00e9cout\u00e9 et prot\u00e9g\u00e9.<\/p>\n\n\n<h3 class=\"wp-block-heading bsab4s-toc-content__target\" id=\"comment-denoncer-le-harcelement-scolaire-la-collaboration-avec-lequipe-educative-necessairenbsp\">Comment d\u00e9noncer le harc\u00e8lement scolaire : La collaboration avec l&rsquo;\u00e9quipe \u00e9ducative n\u00e9cessaire <\/h3>\n\n\n<p>La ma\u00eetresse de Noah a remarqu\u00e9 son isolement dans la cour de r\u00e9cr\u00e9ation ? Le directeur vous a convoqu\u00e9 suite \u00e0 un incident ? Ces moments d&rsquo;\u00e9change avec l&rsquo;\u00e9quipe p\u00e9dagogique sont pr\u00e9cieux pour prot\u00e9ger votre enfant.<\/p>\n\n\n\n<p>Prenez rendez-vous rapidement avec l&rsquo;enseignant de votre petit. Dans un climat serein, partagez vos observations et les confidences recueillies. La collaboration parents-\u00e9cole permet souvent de mettre en place des solutions adapt\u00e9es : surveillance renforc\u00e9e pendant les r\u00e9cr\u00e9ations, ateliers de sensibilisation en classe, ou encore m\u00e9diation entre les enfants.<\/p>\n\n\n\n<p>N&rsquo;h\u00e9sitez pas \u00e0 solliciter le psychologue scolaire ou l&rsquo;infirmi\u00e8re. Ces professionnels, form\u00e9s au programme pHARe de lutte contre le harc\u00e8lement, sauront accompagner votre enfant tout en pr\u00e9servant sa confiance.<\/p>\n\n\n<h3 class=\"wp-block-heading bsab4s-toc-content__target\" id=\"quelle-est-le-numero-du-cyber-harcelement\">Quelle est le numero du cyber harc\u00e8lement ?<\/h3>\n\n\n<p>Le 3018 repr\u00e9sente votre alli\u00e9 de confiance face au cyber-harc\u00e8lement. Gratuit, anonyme et confidentiel, ce num\u00e9ro national est accessible 7 jours sur 7, de 9h \u00e0 23h. Une \u00e9quipe de professionnels sp\u00e9cialis\u00e9s vous accompagne pour prot\u00e9ger votre petit : suppression rapide des contenus inappropri\u00e9s, conseils personnalis\u00e9s, soutien psychologique.<\/p>\n\n\n\n<p>Pour les parents d&rsquo;enfants en maternelle et primaire, le 3018 propose aussi un accompagnement adapt\u00e9 aux plus jeunes. Les \u00e9coutants savent dialoguer avec vos petits et vous guident dans la mise en place d&rsquo;outils de protection num\u00e9rique appropri\u00e9s \u00e0 leur \u00e2ge.<\/p>\n\n\n\n<p>N&rsquo;attendez pas que la situation s&rsquo;aggrave : un simple appel peut suffire \u00e0 enclencher les premi\u00e8res actions protectrices pour votre enfant.<\/p>\n\n\n<h3 class=\"wp-block-heading bsab4s-toc-content__target\" id=\"quand-et-comment-porter-plainte\">Quand et comment porter plainte ?<\/h3>\n\n\n<p>La d\u00e9cision de porter plainte arrive souvent apr\u00e8s avoir \u00e9puis\u00e9 les autres recours. Votre petit bout de chou souffre encore malgr\u00e9 le dialogue avec l&rsquo;\u00e9cole ? Le d\u00e9p\u00f4t de plainte repr\u00e9sente une \u00e9tape que vous pouvez envisager sereinement.<\/p>\n\n\n\n<p>Un commissariat ou une gendarmerie accueillera votre d\u00e9marche. Munissez-vous des preuves collect\u00e9es : certificats m\u00e9dicaux, t\u00e9moignages \u00e9crits, captures d&rsquo;\u00e9cran des messages. Le <strong>num\u00e9ro 3018<\/strong> reste \u00e0 votre \u00e9coute pour vous guider dans cette proc\u00e9dure.<\/p>\n\n\n\n<p>Les parents d&rsquo;enfants en maternelle ou primaire peuvent parfois h\u00e9siter face \u00e0 cette d\u00e9marche. Sachez que la loi prot\u00e8ge sp\u00e9cifiquement les plus jeunes victimes. Un avocat sp\u00e9cialis\u00e9 saura vous accompagner avec douceur dans ce processus, en veillant \u00e0 pr\u00e9server l&rsquo;\u00e9quilibre \u00e9motionnel de votre enfant.<\/p>\n\n\n\n<figure class=\"wp-block-embed is-type-wp-embed is-provider-yoopala wp-block-embed-yoopala\"><div class=\"wp-block-embed__wrapper\">\n<blockquote class=\"wp-embedded-content\" data-secret=\"ZnK18WZ36a\"><a href=\"https:\/\/www.yoopala.com\/ressources\/complement-mode-de-garde\/\">Aide CMG : Compl\u00e9ment du Mode de Garde\u00a0avec la CAF<\/a><\/blockquote><iframe loading=\"lazy\" class=\"wp-embedded-content\" sandbox=\"allow-scripts\" security=\"restricted\" style=\"position: absolute; visibility: hidden;\" title=\"\u00ab\u00a0Aide CMG : Compl\u00e9ment du Mode de Garde\u00a0avec la CAF\u00a0\u00bb &#8212; Yoopala\" src=\"https:\/\/www.yoopala.com\/ressources\/complement-mode-de-garde\/embed\/#?secret=oK3ZECPWz6#?secret=ZnK18WZ36a\" data-secret=\"ZnK18WZ36a\" width=\"500\" height=\"282\" frameborder=\"0\" marginwidth=\"0\" marginheight=\"0\" scrolling=\"no\"><\/iframe>\n<\/div><\/figure>\n\n\n<h2 class=\"wp-block-heading bsab4s-toc-content__target\" id=\"les-solutions-concretes-pour-proteger-votre-enfant\"><strong>Les solutions concr\u00e8tes pour prot\u00e9ger votre enfant<\/strong><\/h2>\n\n<h3 class=\"wp-block-heading bsab4s-toc-content__target\" id=\"le-programme-phare-un-allie-pour-les-familles\">Le programme pHARe : un alli\u00e9 pour les familles<\/h3>\n\n\n<p>Le programme pHARe repr\u00e9sente une v\u00e9ritable boussole pour guider les familles dans la <strong>pr\u00e9vention du harc\u00e8lement<\/strong>. Pour vos petits en maternelle et en primaire, le programme pHARE pr\u00e9voit 10 <strong>heures d&rsquo;apprentissage<\/strong> d\u00e9di\u00e9es au d\u00e9veloppement de l&#8217;empathie et du vivre-ensemble.<\/p>\n\n\n\n<p>Une \u00e9quipe form\u00e9e sp\u00e9cialement dans votre \u00e9cole met en place des ateliers de sensibilisation o\u00f9 vous \u00eates convi\u00e9s. Ces moments privil\u00e9gi\u00e9s vous permettent d&rsquo;\u00e9changer avec d&rsquo;autres parents et de partager vos exp\u00e9riences. Votre \u00e9cole organise \u00e9galement des temps forts comme le <strong>Safer Internet Day<\/strong>, cr\u00e9ant une dynamique positive autour du <strong>bien-\u00eatre<\/strong> de vos enfants.<\/p>\n\n\n\n<p>Le programme phare vous accompagne aussi dans la d\u00e9tection pr\u00e9coce gr\u00e2ce \u00e0 un <strong>questionnaire<\/strong> adapt\u00e9 aux plus jeunes. Cette approche bienveillante renforce le lien entre votre famille et l&rsquo;\u00e9cole, construisant ensemble un environnement protecteur pour votre enfant.<\/p>\n\n\n<h3 class=\"wp-block-heading bsab4s-toc-content__target\" id=\"le-3018-votre-ligne-decoute-privilegiee\">Le 3018 : votre ligne d&rsquo;\u00e9coute privil\u00e9gi\u00e9e<\/h3>\n\n\n<p><em>\u00ab\u00a0Madame, je n&rsquo;en peux plus de voir mon fils pleurer chaque matin&#8230;\u00a0\u00bb<\/em> Cette phrase, les \u00e9coutants du 3018 l&rsquo;entendent quotidiennement. Ce num\u00e9ro gratuit vous accueille de 9h \u00e0 23h, 7j\/7, pour vous guider pas \u00e0 pas. Une \u00e9quipe de psychologues et juristes sp\u00e9cialis\u00e9s dans l&rsquo;accompagnement des plus jeunes saura vous \u00e9couter avec bienveillance.<\/p>\n\n\n\n<p>Vous h\u00e9sitez \u00e0 appeler ? Sachez que le 3018 propose aussi un tchat en ligne et une application mobile. Vos \u00e9changes restent confidentiels et anonymes. Les \u00e9coutants peuvent m\u00eame vous aider \u00e0 faire retirer des contenus inappropri\u00e9s des r\u00e9seaux sociaux en quelques heures.<\/p>\n\n\n\n<p><em>\u00ab\u00a0J&rsquo;aurais d\u00fb appeler plus t\u00f4t\u00a0\u00bb<\/em> nous confient souvent les parents. N&rsquo;attendez pas : d\u00e8s les premiers doutes, composez le 3018. Un simple appel peut \u00eatre le premier pas vers des solutions concr\u00e8tes pour retrouver le sourire de votre petit.<\/p>\n\n\n\n<figure class=\"wp-block-embed is-type-wp-embed is-provider-yoopala wp-block-embed-yoopala\"><div class=\"wp-block-embed__wrapper\">\n<blockquote class=\"wp-embedded-content\" data-secret=\"7Z47wpa7iG\"><a href=\"https:\/\/www.yoopala.com\/ressources\/credit-impot\/\">Le cr\u00e9dit d&rsquo;imp\u00f4t pour la garde \u00e0 domicile 2025 : optimisez vos avantages fiscaux\u00a0<\/a><\/blockquote><iframe loading=\"lazy\" class=\"wp-embedded-content\" sandbox=\"allow-scripts\" security=\"restricted\" style=\"position: absolute; visibility: hidden;\" title=\"\u00ab\u00a0Le cr\u00e9dit d&rsquo;imp\u00f4t pour la garde \u00e0 domicile 2025 : optimisez vos avantages fiscaux\u00a0\u00a0\u00bb &#8212; Yoopala\" src=\"https:\/\/www.yoopala.com\/ressources\/credit-impot\/embed\/#?secret=RQ1Rbtn7Ue#?secret=7Z47wpa7iG\" data-secret=\"7Z47wpa7iG\" width=\"500\" height=\"282\" frameborder=\"0\" marginwidth=\"0\" marginheight=\"0\" scrolling=\"no\"><\/iframe>\n<\/div><\/figure>\n\n\n<h2 class=\"wp-block-heading bsab4s-toc-content__target\" id=\"laccompagnement-au-quotidien-nos-conseils-pratiques\"><strong>L&rsquo;accompagnement au quotidien, nos conseils pratiques<\/strong><\/h2>\n\n<h3 class=\"wp-block-heading bsab4s-toc-content__target\" id=\"reconstruire-la-confiance-en-soi\">Reconstruire la confiance en soi<\/h3>\n\n\n<p>Les activit\u00e9s artistiques et cr\u00e9atives offrent un terrain id\u00e9al pour que votre petit retrouve son assurance. La peinture, le modelage ou le dessin lui permettent d&rsquo;exprimer ses \u00e9motions sans mots. Proposez-lui de rejoindre un atelier collectif o\u00f9 il pourra briller \u00e0 son rythme.<\/p>\n\n\n\n<p>Les sports d&rsquo;\u00e9quipe constituent \u00e9galement un excellent moyen de renouer avec le plaisir du groupe. Noah a repris go\u00fbt aux relations avec les autres gr\u00e2ce au mini-basket, tandis que Sarah s&rsquo;\u00e9panouit en danse moderne. L&rsquo;essentiel est de trouver l&rsquo;activit\u00e9 qui fait briller ses yeux.<\/p>\n\n\n\n<p><em>\u00ab\u00a0Maman, regarde comme je danse bien !\u00a0\u00bb<\/em> Ces petites victoires quotidiennes sont pr\u00e9cieuses. F\u00e9licitez ses progr\u00e8s, m\u00eame minimes, et laissez-le choisir ses nouveaux d\u00e9fis. Votre r\u00f4le est d&rsquo;\u00eatre son premier supporter dans cette reconqu\u00eate progressive de l&rsquo;estime de soi.<\/p>\n\n\n<h3 class=\"wp-block-heading bsab4s-toc-content__target\" id=\"maintenir-le-dialogue-avec-lecole\">Maintenir le dialogue avec l&rsquo;\u00e9cole<\/h3>\n\n\n<p>La communication r\u00e9guli\u00e8re avec l&rsquo;\u00e9quipe p\u00e9dagogique repr\u00e9sente votre meilleur atout pour prot\u00e9ger votre enfant. Prenez rendez-vous chaque trimestre avec l&rsquo;enseignant pour faire le point, m\u00eame si la situation s&rsquo;am\u00e9liore. Votre pr\u00e9sence attentive rassure votre petit et montre votre implication.<\/p>\n\n\n\n<p>Les r\u00e9unions parents-professeurs offrent une occasion pr\u00e9cieuse d&rsquo;\u00e9changer sur le climat de la classe. Vous pouvez solliciter un entretien avec le <strong>r\u00e9f\u00e9rent harc\u00e8lement<\/strong> de l&rsquo;\u00e9tablissement pour mettre en place un suivi personnalis\u00e9. Son expertise vous guidera dans l&rsquo;accompagnement quotidien.<\/p>\n\n\n\n<p>N&rsquo;h\u00e9sitez pas \u00e0 proposer votre participation aux <strong>actions de pr\u00e9vention<\/strong>. Les ateliers parents enrichissent la vie de l&rsquo;\u00e9cole et renforcent les liens entre les familles. Cette pr\u00e9sence active contribue \u00e0 cr\u00e9er un environnement bienveillant o\u00f9 chaque enfant peut s&rsquo;\u00e9panouir sereinement.<\/p>\n\n\n\n<figure class=\"wp-block-embed is-type-wp-embed is-provider-yoopala wp-block-embed-yoopala\"><div class=\"wp-block-embed__wrapper\">\n<blockquote class=\"wp-embedded-content\" data-secret=\"Minr6EyO39\"><a href=\"https:\/\/www.yoopala.com\/ressources\/garde-enfant-5-raisons-de-se-lancer\/\">La garde d\u2019enfants \u00e0 domicile\u00a0? \u00a05 bonnes raisons de se lancer\u00a0!<\/a><\/blockquote><iframe loading=\"lazy\" class=\"wp-embedded-content\" sandbox=\"allow-scripts\" security=\"restricted\" style=\"position: absolute; visibility: hidden;\" title=\"\u00ab\u00a0La garde d\u2019enfants \u00e0 domicile\u00a0? \u00a05 bonnes raisons de se lancer\u00a0!\u00a0\u00bb &#8212; Yoopala\" src=\"https:\/\/www.yoopala.com\/ressources\/garde-enfant-5-raisons-de-se-lancer\/embed\/#?secret=ZRpxNHRNdK#?secret=Minr6EyO39\" data-secret=\"Minr6EyO39\" width=\"500\" height=\"282\" frameborder=\"0\" marginwidth=\"0\" marginheight=\"0\" scrolling=\"no\"><\/iframe>\n<\/div><\/figure>\n\n\n<h2 class=\"wp-block-heading bsab4s-toc-content__target\" id=\"parents-vous-netes-pas-seuls-les-ressources-a-votre-disposition\"><strong>Parents, vous n&rsquo;\u00eates pas seuls : les ressources \u00e0 votre disposition<\/strong><\/h2>\n\n\n<p>Vous vous sentez parfois d\u00e9munis face aux situations de <strong>harc\u00e8lement<\/strong> ? Les associations de parents d&rsquo;\u00e9l\u00e8ves constituent un premier cercle de soutien pr\u00e9cieux. Ces parents b\u00e9n\u00e9voles connaissent les sp\u00e9cificit\u00e9s de l&rsquo;\u00e9cole maternelle et primaire, et peuvent vous guider vers les bonnes personnes.<\/p>\n\n\n\n<p>La <strong>Maison des Familles<\/strong> de votre commune propose des ateliers entre parents pour \u00e9changer vos exp\u00e9riences. Sarah y a trouv\u00e9 une oreille attentive et des conseils pratiques pour aider son petit Thomas \u00e0 retrouver le chemin de la confiance. Les m\u00e9diateurs familiaux vous accueillent \u00e9galement en toute confidentialit\u00e9 pour construire des solutions adapt\u00e9es \u00e0 votre situation.<\/p>\n\n\n\n<p>Ensemble, parents et professionnels tissent un filet protecteur autour de nos petits. Cette mobilisation collective permet \u00e0 chaque enfant de grandir sereinement, dans un environnement o\u00f9 la bienveillance prend le pas sur la peur.<\/p>\n","protected":false},"excerpt":{"rendered":"<p>Harc\u00e8lement scolaire : Aidez votre enfant \u00e0 s&rsquo;exprimer et d\u00e9couvrez comment le soutenir efficacement face \u00e0 ces d\u00e9fis.<\/p>\n","protected":false},"author":2,"featured_media":4878,"comment_status":"closed","ping_status":"closed","sticky":false,"template":"","format":"standard","meta":{"_seopress_robots_primary_cat":"none","_seopress_titles_title":"","_seopress_titles_desc":"","_seopress_robots_index":"","footnotes":""},"categories":[105,14],"tags":[],"class_list":{"0":"post-4875","1":"post","2":"type-post","3":"status-publish","4":"format-standard","5":"has-post-thumbnail","7":"category-parentalite","8":"category-familles"},"_links":{"self":[{"href":"https:\/\/www.yoopala.com\/ressources\/wp-json\/wp\/v2\/posts\/4875","targetHints":{"allow":["GET"]}}],"collection":[{"href":"https:\/\/www.yoopala.com\/ressources\/wp-json\/wp\/v2\/posts"}],"about":[{"href":"https:\/\/www.yoopala.com\/ressources\/wp-json\/wp\/v2\/types\/post"}],"author":[{"embeddable":true,"href":"https:\/\/www.yoopala.com\/ressources\/wp-json\/wp\/v2\/users\/2"}],"replies":[{"embeddable":true,"href":"https:\/\/www.yoopala.com\/ressources\/wp-json\/wp\/v2\/comments?post=4875"}],"version-history":[{"count":2,"href":"https:\/\/www.yoopala.com\/ressources\/wp-json\/wp\/v2\/posts\/4875\/revisions"}],"predecessor-version":[{"id":4880,"href":"https:\/\/www.yoopala.com\/ressources\/wp-json\/wp\/v2\/posts\/4875\/revisions\/4880"}],"wp:featuredmedia":[{"embeddable":true,"href":"https:\/\/www.yoopala.com\/ressources\/wp-json\/wp\/v2\/media\/4878"}],"wp:attachment":[{"href":"https:\/\/www.yoopala.com\/ressources\/wp-json\/wp\/v2\/media?parent=4875"}],"wp:term":[{"taxonomy":"category","embeddable":true,"href":"https:\/\/www.yoopala.com\/ressources\/wp-json\/wp\/v2\/categories?post=4875"},{"taxonomy":"post_tag","embeddable":true,"href":"https:\/\/www.yoopala.com\/ressources\/wp-json\/wp\/v2\/tags?post=4875"}],"curies":[{"name":"wp","href":"https:\/\/api.w.org\/{rel}","templated":true}]}}