{"id":491,"date":"2024-02-14T14:20:01","date_gmt":"2024-02-14T13:20:01","guid":{"rendered":"https:\/\/www.yoopala.com\/ressources\/?p=491"},"modified":"2026-02-11T16:27:03","modified_gmt":"2026-02-11T15:27:03","slug":"garde-enfant-mercredi","status":"publish","type":"post","link":"https:\/\/www.yoopala.com\/ressources\/garde-enfant-mercredi\/","title":{"rendered":"La garde d\u2019enfants le mercredi"},"content":{"rendered":"\n<figure class=\"wp-block-embed aligncenter is-type-video is-provider-youtube wp-block-embed-youtube wp-embed-aspect-16-9 wp-has-aspect-ratio\"><div class=\"wp-block-embed__wrapper\">\n<iframe loading=\"lazy\" title=\"La garde d&#039;enfants le mercredi\" width=\"500\" height=\"281\" src=\"https:\/\/www.youtube.com\/embed\/MrL1CRGUbtE?feature=oembed\" frameborder=\"0\" allow=\"accelerometer; autoplay; clipboard-write; encrypted-media; gyroscope; picture-in-picture; web-share\" referrerpolicy=\"strict-origin-when-cross-origin\" allowfullscreen><\/iframe>\n<\/div><\/figure>\n\n\n\n<p>La garde d\u2019enfants le mercredi est un v\u00e9ritable sujet pour beaucoup de famille. En effet, depuis juin 2017, via un d\u00e9cret, Jean-Michel Blanquer, alors ministre de l\u2019\u00c9ducation, permettait aux communes qui le souhaitaient de passer \u00e0 une semaine de 4 jours. Si certaines villes ont gard\u00e9 un rythme de 4.5 jours\/ semaine, 87% des communes ont alors d\u00e9cid\u00e9 de passer sur ce rythme. La journ\u00e9e du mercredi, \u00e9tant alors destin\u00e9e \u00e0 la r\u00e9alisation d\u2019activit\u00e9 p\u00e9riscolaire. Si cette pause dans la semaine est souvent b\u00e9n\u00e9fique pour le rythme des enfants, elle devient un v\u00e9ritable casse-t\u00eate pour les parents travaillant ce jour. <\/p>\n\n\n\n<p><\/p>\n\n\n\n<p>Centre de loisirs ? Famille ? Cela implique de ne pas pouvoir inscrire ses enfants aux activit\u00e9s souhait\u00e9es. Et les proches ne sont pas toujours g\u00e9ographiquement pr\u00e9sents pour pouvoir aider. Pour une solution plus personnalis\u00e9e, Yoopala est l\u00e0 !<\/p>\n\n\n\n<figure class=\"wp-block-image aligncenter size-full has-custom-border\"><img loading=\"lazy\" decoding=\"async\" width=\"848\" height=\"565\" src=\"https:\/\/www.yoopala.com\/ressources\/app\/uploads\/2024\/02\/GM1.jpg\" alt=\"\" class=\"wp-image-492\" style=\"border-radius:8px;aspect-ratio:1;object-fit:cover\" srcset=\"https:\/\/www.yoopala.com\/ressources\/app\/uploads\/2024\/02\/GM1.jpg 848w, https:\/\/www.yoopala.com\/ressources\/app\/uploads\/2024\/02\/GM1-300x200.jpg 300w, https:\/\/www.yoopala.com\/ressources\/app\/uploads\/2024\/02\/GM1-768x512.jpg 768w\" sizes=\"auto, (max-width: 848px) 100vw, 848px\" \/><\/figure>\n\n\n<h2 class=\"wp-block-heading bsab4s-toc-content__target\" id=\"la-garde-denfants-le-mercredi-comment-cela-fonctionne\"><strong>La garde d\u2019enfants le mercredi, comment cela fonctionne ?<\/strong><\/h2>\n\n\n<p><em>\u201cPlus besoin de se diviser entre vie professionnelle et activit\u00e9s des enfants !\u201d<\/em><\/p>\n\n\n\n<p>En se rendant disponible \u00e0 votre domicile, votre baby-sitter assure un confort consid\u00e9rable \u00e0 votre famille. Pas besoin de lever les enfants avant d\u2019aller travailler. Votre intervenant ou intervenante s\u2019occupe de tout ! Petit-d\u00e9jeuner, soins, habillages, on s\u2019occupe de tout ! Profitez-en pour souffler, c\u2019est mercredi apr\u00e8s tout ! Nous vous s\u00e9lectionnerons le profil parfait, plein de patience pour assurer la journ\u00e9e ! Quelles que soient vos horaires, et vos besoins, nous pouvons vous trouver le ou la nounou parfait ou parfaite sur une journ\u00e9e compl\u00e8te ou sur une demi-journ\u00e9e. Votre baby-sitter pourra alors profiter de la matin\u00e9e pour proposer un atelier cuisine ou peinture, ensuite pr\u00e9parer un repas \u00e9quilibr\u00e9 pour vos enfants. Si vos enfants ont des activit\u00e9s p\u00e9riscolaires, ils pourront \u00eatre accompagn\u00e9s et ramen\u00e9s \u00e0 la maison. Vous n\u2019avez plus qu\u2019\u00e0 choisir l\u2019activit\u00e9 qui permettra \u00e0 votre enfant de s\u2019\u00e9panouir. Alors, foot ou basket ? Clarinette ou claquette ?<\/p>\n\n\n<h2 class=\"wp-block-heading bsab4s-toc-content__target\" id=\"la-garde-denfants-le-mercredi-ca-consiste-en-quoi\"><strong>La garde d&rsquo;enfants le mercredi, \u00e7a consiste en quoi ?<\/strong><\/h2>\n\n\n<p>Votre baby-sitter assurera la journ\u00e9e comme si vous y \u00e9tiez ! Le mercredi, les gardes sont souvent plus longues qu\u2019en sortie d\u2019\u00e9cole, il est important de mettre en place, avec la personne que vous aurez choisie, le planning de la journ\u00e9e \u00e0 respecter. Nous respectons vos routines et les r\u00e8gles misent en place dans votre famille. <\/p>\n\n\n\n<p>Que ce soit en termes de repas, ou d\u2019activit\u00e9, n\u2019h\u00e9sitez pas \u00e0 communiquer sur vos habitudes et sur le rythme de vos enfants. Peut-\u00eatre certains font-ils encore des siestes ? Des sorties au parc peuvent \u00eatre envisageables si le temps le permet ? Notre souhait est de vous seconder sur cette journ\u00e9e charni\u00e8re. En plus des accompagnements aux activit\u00e9s p\u00e9riscolaires, nous pouvons accompagner vos enfants \u00e9galement \u00e0 des rendez-vous m\u00e9dicaux comme un rendez-vous chez un orthophoniste par exemple. Que ce soit avec vous, ou avec le ou la baby-sitter, le d\u00e9roul\u00e9 de la journ\u00e9e doit \u00eatre le m\u00eame. \u00c0 votre retour, vos enfants pourront alors vous raconter les folles aventures de leur journ\u00e9e, vous n\u2019aurez qu\u2019\u00e0 profiter de votre soir\u00e9e !<\/p>\n\n\n\n<div style=\"height:20px\" aria-hidden=\"true\" class=\"wp-block-spacer\"><\/div>\n\n\n\n<div class=\"wp-block-columns is-layout-flex wp-container-core-columns-is-layout-28f84493 wp-block-columns-is-layout-flex\">\n<div class=\"wp-block-column has-accent-lighter-background-color has-background is-layout-flow wp-block-column-is-layout-flow\" style=\"border-radius:16px;padding-top:var(--wp--preset--spacing--3-xl);padding-right:var(--wp--preset--spacing--3-xl);padding-bottom:var(--wp--preset--spacing--3-xl);padding-left:var(--wp--preset--spacing--3-xl)\">\n<figure class=\"wp-block-image aligncenter size-large\"><img decoding=\"async\" src=\"https:\/\/www.yoopala.com\/img\/separator.svg\" alt=\"\"\/><\/figure>\n\n\n<h6 class=\"wp-block-heading has-text-align-center has-accent-dark-color has-text-color has-link-color bsab4s-toc-content__target wp-elements-109ce5d75970af9d8c36594fc91a0d3c\" style=\"margin-top:0\" id=\"prete-a-trouver-votre-nounou\"><strong>Pr\u00eat(e) \u00e0 trouver votre nounou ?<\/strong><\/h6>\n\n\n<p class=\"has-text-align-center has-x-large-font-size\">Lan\u00e7ez-vous !<\/p>\n\n\n\n<p class=\"has-text-align-center\">Faites votre demande en quelques clics et recevez rapidement votre devis personnalis\u00e9.<\/p>\n\n\n\n<div class=\"wp-block-buttons is-content-justification-center is-layout-flex wp-container-core-buttons-is-layout-a89b3969 wp-block-buttons-is-layout-flex\">\n<div class=\"wp-block-button\"><a class=\"wp-block-button__link has-text-align-center wp-element-button\" href=\"https:\/\/www.yoopala.com\/inscription\/compte\">Je fais ma demande<\/a><\/div>\n<\/div>\n<\/div>\n<\/div>\n","protected":false},"excerpt":{"rendered":"<p>Optimisez vos mercredis avec notre service de garde d&rsquo;enfants \u00e0 domicile. Travaillez sereinement, nous veillons sur vos petits !<\/p>\n","protected":false},"author":2,"featured_media":492,"comment_status":"closed","ping_status":"closed","sticky":false,"template":"","format":"standard","meta":{"_seopress_robots_primary_cat":"none","_seopress_titles_title":"","_seopress_titles_desc":"","_seopress_robots_index":"","footnotes":""},"categories":[102],"tags":[],"class_list":{"0":"post-491","1":"post","2":"type-post","3":"status-publish","4":"format-standard","5":"has-post-thumbnail","7":"category-informations-legales"},"_links":{"self":[{"href":"https:\/\/www.yoopala.com\/ressources\/wp-json\/wp\/v2\/posts\/491","targetHints":{"allow":["GET"]}}],"collection":[{"href":"https:\/\/www.yoopala.com\/ressources\/wp-json\/wp\/v2\/posts"}],"about":[{"href":"https:\/\/www.yoopala.com\/ressources\/wp-json\/wp\/v2\/types\/post"}],"author":[{"embeddable":true,"href":"https:\/\/www.yoopala.com\/ressources\/wp-json\/wp\/v2\/users\/2"}],"replies":[{"embeddable":true,"href":"https:\/\/www.yoopala.com\/ressources\/wp-json\/wp\/v2\/comments?post=491"}],"version-history":[{"count":13,"href":"https:\/\/www.yoopala.com\/ressources\/wp-json\/wp\/v2\/posts\/491\/revisions"}],"predecessor-version":[{"id":6167,"href":"https:\/\/www.yoopala.com\/ressources\/wp-json\/wp\/v2\/posts\/491\/revisions\/6167"}],"wp:featuredmedia":[{"embeddable":true,"href":"https:\/\/www.yoopala.com\/ressources\/wp-json\/wp\/v2\/media\/492"}],"wp:attachment":[{"href":"https:\/\/www.yoopala.com\/ressources\/wp-json\/wp\/v2\/media?parent=491"}],"wp:term":[{"taxonomy":"category","embeddable":true,"href":"https:\/\/www.yoopala.com\/ressources\/wp-json\/wp\/v2\/categories?post=491"},{"taxonomy":"post_tag","embeddable":true,"href":"https:\/\/www.yoopala.com\/ressources\/wp-json\/wp\/v2\/tags?post=491"}],"curies":[{"name":"wp","href":"https:\/\/api.w.org\/{rel}","templated":true}]}}